{"id":42766,"date":"2026-01-09T09:04:58","date_gmt":"2026-01-09T15:04:58","guid":{"rendered":"https:\/\/gerardoduque.com.mx\/?p=42766"},"modified":"2026-01-09T09:05:05","modified_gmt":"2026-01-09T15:05:05","slug":"recinto-ferial-anuncia-agenda-de-eventos-para-enero-y-febrero-de-2026","status":"publish","type":"post","link":"https:\/\/gerardoduque.com.mx\/?p=42766","title":{"rendered":"RECINTO FERIAL ANUNCIA AGENDA DE EVENTOS PARA ENERO Y FEBRERO DE 2026"},"content":{"rendered":"\n<p>Las instalaciones de la Feria Nacional Potosina comenzar\u00e1n 2026 con una agenda de actividades que se desarrollar\u00e1 a lo largo de enero y febrero, con espect\u00e1culos de lucha libre, eventos de automovilismo y presentaciones musicales dirigidas a distintos p\u00fablicos.<\/p>\n\n\n\n<p>La programaci\u00f3n iniciar\u00e1 el 10 de enero con el evento <strong>Guerra de Leyendas<\/strong> en el Palenque, con la participaci\u00f3n de Alberto El Patr\u00f3n, Hijo de Dos Caras y Dr. Wagner Jr. Posteriormente, el 14 de enero se realizar\u00e1 una funci\u00f3n del Consejo Mundial de Lucha Libre, que incluir\u00e1 una lucha estelar por el campeonato mundial semicompleto entre M\u00edstico y Kemonito frente a Soberano Jr. y Kemalito.<\/p>\n\n\n\n<p>Para el 1 de febrero est\u00e1 previsto el <strong>Demolition Derby DCar Fest<\/strong>, que reunir\u00e1 autos de destrucci\u00f3n, choques tipo americano, exhibiciones de drift y burnout, adem\u00e1s de m\u00fasica en vivo y actividades familiares. Ese mismo d\u00eda, el Palenque recibir\u00e1 al grupo Binomio de Oro, acompa\u00f1ado de exponentes potosinos del vallenato y talento invitado de Monterrey.<\/p>\n\n\n\n<p>La agenda continuar\u00e1 el 14 de febrero con un evento de m\u00fasica sonidera que incluir\u00e1 a Fascinaci\u00f3n Musical, Sonido Pirata y Los Llayras, entre otros participantes. El cierre del primer bimestre ser\u00e1 el 28 de febrero con una noche de m\u00fasica urbana encabezada por El Malilla, Eme MalaFe, Cachirula, DJ Loojan y artistas locales.<\/p>\n\n\n\n<p>Las actividades forman parte del uso regular del recinto ferial durante el primer trimestre del a\u00f1o y buscan mantener una oferta constante de espect\u00e1culos y entretenimiento para la poblaci\u00f3n.<\/p>\n","protected":false},"excerpt":{"rendered":"<p>El recinto ferial inicia 2026 con una programaci\u00f3n continua de espect\u00e1culos de lucha libre, m\u00fasica y deportes motor durante enero y febrero.<\/p>\n","protected":false},"author":4,"featured_media":42768,"comment_status":"closed","ping_status":"closed","sticky":false,"template":"","format":"standard","meta":{"_et_pb_use_builder":"off","_et_pb_old_content":"","_et_gb_content_width":"","footnotes":""},"categories":[280],"tags":[260,72,66],"class_list":["post-42766","post","type-post","status-publish","format-standard","has-post-thumbnail","hentry","category-gob-slp","tag-fenapo","tag-gobierno-del-estado","tag-san-luis-potosi"],"_links":{"self":[{"href":"https:\/\/gerardoduque.com.mx\/index.php?rest_route=\/wp\/v2\/posts\/42766","targetHints":{"allow":["GET"]}}],"collection":[{"href":"https:\/\/gerardoduque.com.mx\/index.php?rest_route=\/wp\/v2\/posts"}],"about":[{"href":"https:\/\/gerardoduque.com.mx\/index.php?rest_route=\/wp\/v2\/types\/post"}],"author":[{"embeddable":true,"href":"https:\/\/gerardoduque.com.mx\/index.php?rest_route=\/wp\/v2\/users\/4"}],"replies":[{"embeddable":true,"href":"https:\/\/gerardoduque.com.mx\/index.php?rest_route=%2Fwp%2Fv2%2Fcomments&post=42766"}],"version-history":[{"count":0,"href":"https:\/\/gerardoduque.com.mx\/index.php?rest_route=\/wp\/v2\/posts\/42766\/revisions"}],"wp:featuredmedia":[{"embeddable":true,"href":"https:\/\/gerardoduque.com.mx\/index.php?rest_route=\/wp\/v2\/media\/42768"}],"wp:attachment":[{"href":"https:\/\/gerardoduque.com.mx\/index.php?rest_route=%2Fwp%2Fv2%2Fmedia&parent=42766"}],"wp:term":[{"taxonomy":"category","embeddable":true,"href":"https:\/\/gerardoduque.com.mx\/index.php?rest_route=%2Fwp%2Fv2%2Fcategories&post=42766"},{"taxonomy":"post_tag","embeddable":true,"href":"https:\/\/gerardoduque.com.mx\/index.php?rest_route=%2Fwp%2Fv2%2Ftags&post=42766"}],"curies":[{"name":"wp","href":"https:\/\/api.w.org\/{rel}","templated":true}]}}