{"id":42754,"date":"2026-01-09T08:34:26","date_gmt":"2026-01-09T14:34:26","guid":{"rendered":"https:\/\/gerardoduque.com.mx\/?p=42754"},"modified":"2026-01-09T08:34:30","modified_gmt":"2026-01-09T14:34:30","slug":"slp-participa-como-estado-invitado-de-honor-en-la-feria-estatal-de-leon-2026","status":"publish","type":"post","link":"https:\/\/gerardoduque.com.mx\/?p=42754","title":{"rendered":"SLP PARTICIPA COMO ESTADO INVITADO DE HONOR EN LA FERIA ESTATAL DE LE\u00d3N 2026"},"content":{"rendered":"\n<p>San Luis Potos\u00ed fue designado Estado Invitado de Honor en la Feria Estatal de Le\u00f3n 2026, que se llevar\u00e1 a cabo del 9 de enero al 4 de febrero en el Recinto Ferial y el Planetario Explora, en la ciudad de Le\u00f3n, Guanajuato.<\/p>\n\n\n\n<p>La participaci\u00f3n se dar\u00e1 en el marco de la edici\u00f3n n\u00famero 150 de esta feria, que coincide adem\u00e1s con los 450 a\u00f1os de la fundaci\u00f3n de Le\u00f3n, consolid\u00e1ndose como uno de los eventos con mayor afluencia, impacto tur\u00edstico y derrama econ\u00f3mica a nivel nacional.<\/p>\n\n\n\n<p>Como parte de esta presencia, San Luis Potos\u00ed contar\u00e1 con el stand \u201cSan Luis Potos\u00ed Surrealista\u201d, desde donde se promover\u00e1n artesan\u00edas, gastronom\u00eda tradicional, vinos, mezcales, cerveza artesanal y una oferta tur\u00edstica integral orientada a la planeaci\u00f3n de futuras visitas.<\/p>\n\n\n\n<p>En el espacio participar\u00e1n 33 artesanas y artesanos de distintos municipios, as\u00ed como productores, tour operadores y agencias de viajes, con el objetivo de mostrar la diversidad cultural, gastron\u00f3mica y tur\u00edstica del estado ante uno de los principales mercados emisores del Baj\u00edo.<\/p>\n","protected":false},"excerpt":{"rendered":"<p>San Luis Potos\u00ed participa como Estado Invitado de Honor en la Feria Estatal de Le\u00f3n 2026, donde contar\u00e1 con un espacio de promoci\u00f3n tur\u00edstica, cultural y artesanal durante uno de los eventos con mayor afluencia del pa\u00eds.<\/p>\n","protected":false},"author":4,"featured_media":42755,"comment_status":"closed","ping_status":"closed","sticky":false,"template":"","format":"standard","meta":{"_et_pb_use_builder":"off","_et_pb_old_content":"","_et_gb_content_width":"","footnotes":""},"categories":[280],"tags":[72,66],"class_list":["post-42754","post","type-post","status-publish","format-standard","has-post-thumbnail","hentry","category-gob-slp","tag-gobierno-del-estado","tag-san-luis-potosi"],"_links":{"self":[{"href":"https:\/\/gerardoduque.com.mx\/index.php?rest_route=\/wp\/v2\/posts\/42754","targetHints":{"allow":["GET"]}}],"collection":[{"href":"https:\/\/gerardoduque.com.mx\/index.php?rest_route=\/wp\/v2\/posts"}],"about":[{"href":"https:\/\/gerardoduque.com.mx\/index.php?rest_route=\/wp\/v2\/types\/post"}],"author":[{"embeddable":true,"href":"https:\/\/gerardoduque.com.mx\/index.php?rest_route=\/wp\/v2\/users\/4"}],"replies":[{"embeddable":true,"href":"https:\/\/gerardoduque.com.mx\/index.php?rest_route=%2Fwp%2Fv2%2Fcomments&post=42754"}],"version-history":[{"count":0,"href":"https:\/\/gerardoduque.com.mx\/index.php?rest_route=\/wp\/v2\/posts\/42754\/revisions"}],"wp:featuredmedia":[{"embeddable":true,"href":"https:\/\/gerardoduque.com.mx\/index.php?rest_route=\/wp\/v2\/media\/42755"}],"wp:attachment":[{"href":"https:\/\/gerardoduque.com.mx\/index.php?rest_route=%2Fwp%2Fv2%2Fmedia&parent=42754"}],"wp:term":[{"taxonomy":"category","embeddable":true,"href":"https:\/\/gerardoduque.com.mx\/index.php?rest_route=%2Fwp%2Fv2%2Fcategories&post=42754"},{"taxonomy":"post_tag","embeddable":true,"href":"https:\/\/gerardoduque.com.mx\/index.php?rest_route=%2Fwp%2Fv2%2Ftags&post=42754"}],"curies":[{"name":"wp","href":"https:\/\/api.w.org\/{rel}","templated":true}]}}