{"id":42751,"date":"2026-01-09T08:29:57","date_gmt":"2026-01-09T14:29:57","guid":{"rendered":"https:\/\/gerardoduque.com.mx\/?p=42751"},"modified":"2026-01-09T08:30:02","modified_gmt":"2026-01-09T14:30:02","slug":"colegio-de-medicos-veterinarios-mantendra-acciones-de-prevencion-del-maltrato-animal-en-2026","status":"publish","type":"post","link":"https:\/\/gerardoduque.com.mx\/?p=42751","title":{"rendered":"COLEGIO DE M\u00c9DICOS VETERINARIOS MANTENDR\u00c1 ACCIONES DE PREVENCI\u00d3N DEL MALTRATO ANIMAL EN 2026"},"content":{"rendered":"\n<p>El Colegio de M\u00e9dicos Veterinarios Zootecnistas continuar\u00e1 durante 2026 el trabajo coordinado con el Secretariado Ejecutivo del Consejo Estatal de Seguridad P\u00fablica en acciones orientadas a la prevenci\u00f3n del maltrato animal y al fortalecimiento de la cultura del cuidado responsable de las mascotas.<\/p>\n\n\n\n<p>Su presidente se\u00f1al\u00f3 que durante 2025 se particip\u00f3 en actividades como el Foro Nacional de Prevenci\u00f3n del Maltrato Animal, el Cuarto Concurso de Dibujo y Pintura y el trabajo conjunto con el refugio Huellitas. Para el pr\u00f3ximo a\u00f1o, indic\u00f3, se prev\u00e9 reforzar las campa\u00f1as de concientizaci\u00f3n sobre medicina preventiva, as\u00ed como la difusi\u00f3n de pr\u00e1cticas adecuadas para el cuidado de animales de compa\u00f1\u00eda.<\/p>\n\n\n\n<p>Tambi\u00e9n se hizo referencia a la operaci\u00f3n del Refugio y Hospital Veterinario Estatal Huellitas, as\u00ed como a las jornadas de vacunaci\u00f3n y esterilizaci\u00f3n realizadas durante 2025, en las que se aplicaron m\u00e1s de 500 mil vacunas y alrededor de 20 mil esterilizaciones. A ello se suman acciones de capacitaci\u00f3n dirigidas a autoridades municipales sobre la Ley de Protecci\u00f3n a los Animales y actividades educativas en distintos sectores de la poblaci\u00f3n.<\/p>\n\n\n\n<p>Estas labores buscan dar continuidad a un esquema de trabajo enfocado en la prevenci\u00f3n, la atenci\u00f3n veterinaria y la promoci\u00f3n del bienestar animal mediante la coordinaci\u00f3n entre especialistas, autoridades y organizaciones civiles.<\/p>\n","protected":false},"excerpt":{"rendered":"<p>El Colegio de M\u00e9dicos Veterinarios Zootecnistas mantendr\u00e1 en 2026 la coordinaci\u00f3n con autoridades estatales para reforzar acciones de prevenci\u00f3n del maltrato animal y promover la tenencia responsable.<\/p>\n","protected":false},"author":4,"featured_media":42752,"comment_status":"closed","ping_status":"closed","sticky":false,"template":"","format":"standard","meta":{"_et_pb_use_builder":"off","_et_pb_old_content":"","_et_gb_content_width":"","footnotes":""},"categories":[280],"tags":[72,66],"class_list":["post-42751","post","type-post","status-publish","format-standard","has-post-thumbnail","hentry","category-gob-slp","tag-gobierno-del-estado","tag-san-luis-potosi"],"_links":{"self":[{"href":"https:\/\/gerardoduque.com.mx\/index.php?rest_route=\/wp\/v2\/posts\/42751","targetHints":{"allow":["GET"]}}],"collection":[{"href":"https:\/\/gerardoduque.com.mx\/index.php?rest_route=\/wp\/v2\/posts"}],"about":[{"href":"https:\/\/gerardoduque.com.mx\/index.php?rest_route=\/wp\/v2\/types\/post"}],"author":[{"embeddable":true,"href":"https:\/\/gerardoduque.com.mx\/index.php?rest_route=\/wp\/v2\/users\/4"}],"replies":[{"embeddable":true,"href":"https:\/\/gerardoduque.com.mx\/index.php?rest_route=%2Fwp%2Fv2%2Fcomments&post=42751"}],"version-history":[{"count":0,"href":"https:\/\/gerardoduque.com.mx\/index.php?rest_route=\/wp\/v2\/posts\/42751\/revisions"}],"wp:featuredmedia":[{"embeddable":true,"href":"https:\/\/gerardoduque.com.mx\/index.php?rest_route=\/wp\/v2\/media\/42752"}],"wp:attachment":[{"href":"https:\/\/gerardoduque.com.mx\/index.php?rest_route=%2Fwp%2Fv2%2Fmedia&parent=42751"}],"wp:term":[{"taxonomy":"category","embeddable":true,"href":"https:\/\/gerardoduque.com.mx\/index.php?rest_route=%2Fwp%2Fv2%2Fcategories&post=42751"},{"taxonomy":"post_tag","embeddable":true,"href":"https:\/\/gerardoduque.com.mx\/index.php?rest_route=%2Fwp%2Fv2%2Ftags&post=42751"}],"curies":[{"name":"wp","href":"https:\/\/api.w.org\/{rel}","templated":true}]}}