{"id":42721,"date":"2026-01-08T08:53:05","date_gmt":"2026-01-08T14:53:05","guid":{"rendered":"https:\/\/gerardoduque.com.mx\/?p=42721"},"modified":"2026-01-08T08:53:11","modified_gmt":"2026-01-08T14:53:11","slug":"ninos-de-pueblos-originarios-realizan-visita-educativa-al-museo-del-laberinto","status":"publish","type":"post","link":"https:\/\/gerardoduque.com.mx\/?p=42721","title":{"rendered":"NI\u00d1OS DE PUEBLOS ORIGINARIOS REALIZAN VISITA EDUCATIVA AL MUSEO DEL LABERINTO"},"content":{"rendered":"\n<p>M\u00e1s de 50 ni\u00f1os de origen t\u00e9nek, n\u00e1huatl, otom\u00ed y mazahua participaron en una visita educativa al Museo del Laberinto, con el objetivo de acercarlos a espacios de aprendizaje interactivo, esparcimiento y conocimiento cultural.<\/p>\n\n\n\n<p>Durante el recorrido, los asistentes interactuaron con las distintas salas del museo, donde pudieron conocer contenidos cient\u00edficos, culturales y ambientales de forma did\u00e1ctica. Entre las exposiciones visitadas destac\u00f3 \u201cTiburones\u201d, que permiti\u00f3 a las infancias aprender sobre la biodiversidad marina y la importancia de su conservaci\u00f3n mediante din\u00e1micas participativas.<\/p>\n\n\n\n<p>De manera complementaria, y en el marco del D\u00eda de Reyes, se realiz\u00f3 un rally sobre pueblos originarios, en el que las ni\u00f1as y ni\u00f1os participaron en actividades basadas en juegos tradicionales, creatividad, narraciones comunitarias y el reconocimiento de sus derechos, fortaleciendo el sentido de identidad y pertenencia cultural.<\/p>\n","protected":false},"excerpt":{"rendered":"<p>M\u00e1s de 50 ni\u00f1os de pueblos originarios participaron en una visita educativa al Museo del Laberinto, como parte de actividades de aprendizaje, esparcimiento y reconocimiento de su identidad cultural.<\/p>\n","protected":false},"author":4,"featured_media":42722,"comment_status":"closed","ping_status":"closed","sticky":false,"template":"","format":"standard","meta":{"_et_pb_use_builder":"off","_et_pb_old_content":"","_et_gb_content_width":"","footnotes":""},"categories":[280],"tags":[72,395,66],"class_list":["post-42721","post","type-post","status-publish","format-standard","has-post-thumbnail","hentry","category-gob-slp","tag-gobierno-del-estado","tag-indepi","tag-san-luis-potosi"],"_links":{"self":[{"href":"https:\/\/gerardoduque.com.mx\/index.php?rest_route=\/wp\/v2\/posts\/42721","targetHints":{"allow":["GET"]}}],"collection":[{"href":"https:\/\/gerardoduque.com.mx\/index.php?rest_route=\/wp\/v2\/posts"}],"about":[{"href":"https:\/\/gerardoduque.com.mx\/index.php?rest_route=\/wp\/v2\/types\/post"}],"author":[{"embeddable":true,"href":"https:\/\/gerardoduque.com.mx\/index.php?rest_route=\/wp\/v2\/users\/4"}],"replies":[{"embeddable":true,"href":"https:\/\/gerardoduque.com.mx\/index.php?rest_route=%2Fwp%2Fv2%2Fcomments&post=42721"}],"version-history":[{"count":0,"href":"https:\/\/gerardoduque.com.mx\/index.php?rest_route=\/wp\/v2\/posts\/42721\/revisions"}],"wp:featuredmedia":[{"embeddable":true,"href":"https:\/\/gerardoduque.com.mx\/index.php?rest_route=\/wp\/v2\/media\/42722"}],"wp:attachment":[{"href":"https:\/\/gerardoduque.com.mx\/index.php?rest_route=%2Fwp%2Fv2%2Fmedia&parent=42721"}],"wp:term":[{"taxonomy":"category","embeddable":true,"href":"https:\/\/gerardoduque.com.mx\/index.php?rest_route=%2Fwp%2Fv2%2Fcategories&post=42721"},{"taxonomy":"post_tag","embeddable":true,"href":"https:\/\/gerardoduque.com.mx\/index.php?rest_route=%2Fwp%2Fv2%2Ftags&post=42721"}],"curies":[{"name":"wp","href":"https:\/\/api.w.org\/{rel}","templated":true}]}}