{"id":42718,"date":"2026-01-08T08:49:36","date_gmt":"2026-01-08T14:49:36","guid":{"rendered":"https:\/\/gerardoduque.com.mx\/?p=42718"},"modified":"2026-01-08T08:49:40","modified_gmt":"2026-01-08T14:49:40","slug":"imparten-capacitacion-en-reeducacion-en-genero-a-personal-publico-y-ppl","status":"publish","type":"post","link":"https:\/\/gerardoduque.com.mx\/?p=42718","title":{"rendered":"IMPARTEN CAPACITACI\u00d3N EN REEDUCACI\u00d3N EN G\u00c9NERO A PERSONAL P\u00daBLICO Y PPL"},"content":{"rendered":"\n<p>La Secretar\u00eda de las Mujeres e Igualdad Sustantiva imparti\u00f3 la capacitaci\u00f3n \u201cReeducaci\u00f3n en G\u00e9nero\u201d, en la que participaron 251 personas pertenecientes a la administraci\u00f3n p\u00fablica estatal y federal, organizaciones de la sociedad civil y Personas Privadas de la Libertad del Centro de Reinserci\u00f3n Social de La Pila.<\/p>\n\n\n\n<p>La actividad tuvo como objetivo fortalecer la reflexi\u00f3n, sensibilizaci\u00f3n y an\u00e1lisis en torno a la igualdad de g\u00e9nero y la prevenci\u00f3n de la violencia, mediante espacios formativos dirigidos a distintos sectores de la poblaci\u00f3n, incluidos contextos institucionales y de reinserci\u00f3n social.<\/p>\n\n\n\n<p>La dependencia inform\u00f3 que este tipo de capacitaciones forman parte de las acciones permanentes orientadas a la atenci\u00f3n y prevenci\u00f3n de la violencia contra las mujeres, as\u00ed como a la promoci\u00f3n de entornos con enfoque de igualdad sustantiva.<\/p>\n\n\n\n<p>Las personas interesadas en este tipo de capacitaciones pueden comunicarse al tel\u00e9fono 444 144 29 20, de lunes a viernes de 8:00 a 20:00 horas y s\u00e1bados de 9:00 a 13:00 horas, o consultar la informaci\u00f3n disponible en las redes sociales de la Secretar\u00eda.<\/p>\n","protected":false},"excerpt":{"rendered":"<p>Un total de 251 personas participaron en la capacitaci\u00f3n \u201cReeducaci\u00f3n en G\u00e9nero\u201d, dirigida a personal p\u00fablico, sociedad civil y personas privadas de la libertad, como parte de acciones de sensibilizaci\u00f3n y prevenci\u00f3n de la violencia.<\/p>\n","protected":false},"author":4,"featured_media":42719,"comment_status":"closed","ping_status":"closed","sticky":false,"template":"","format":"standard","meta":{"_et_pb_use_builder":"off","_et_pb_old_content":"","_et_gb_content_width":"","footnotes":""},"categories":[280],"tags":[72,66,506],"class_list":["post-42718","post","type-post","status-publish","format-standard","has-post-thumbnail","hentry","category-gob-slp","tag-gobierno-del-estado","tag-san-luis-potosi","tag-semujeres"],"_links":{"self":[{"href":"https:\/\/gerardoduque.com.mx\/index.php?rest_route=\/wp\/v2\/posts\/42718","targetHints":{"allow":["GET"]}}],"collection":[{"href":"https:\/\/gerardoduque.com.mx\/index.php?rest_route=\/wp\/v2\/posts"}],"about":[{"href":"https:\/\/gerardoduque.com.mx\/index.php?rest_route=\/wp\/v2\/types\/post"}],"author":[{"embeddable":true,"href":"https:\/\/gerardoduque.com.mx\/index.php?rest_route=\/wp\/v2\/users\/4"}],"replies":[{"embeddable":true,"href":"https:\/\/gerardoduque.com.mx\/index.php?rest_route=%2Fwp%2Fv2%2Fcomments&post=42718"}],"version-history":[{"count":0,"href":"https:\/\/gerardoduque.com.mx\/index.php?rest_route=\/wp\/v2\/posts\/42718\/revisions"}],"wp:featuredmedia":[{"embeddable":true,"href":"https:\/\/gerardoduque.com.mx\/index.php?rest_route=\/wp\/v2\/media\/42719"}],"wp:attachment":[{"href":"https:\/\/gerardoduque.com.mx\/index.php?rest_route=%2Fwp%2Fv2%2Fmedia&parent=42718"}],"wp:term":[{"taxonomy":"category","embeddable":true,"href":"https:\/\/gerardoduque.com.mx\/index.php?rest_route=%2Fwp%2Fv2%2Fcategories&post=42718"},{"taxonomy":"post_tag","embeddable":true,"href":"https:\/\/gerardoduque.com.mx\/index.php?rest_route=%2Fwp%2Fv2%2Ftags&post=42718"}],"curies":[{"name":"wp","href":"https:\/\/api.w.org\/{rel}","templated":true}]}}