{"id":42715,"date":"2026-01-08T08:44:49","date_gmt":"2026-01-08T14:44:49","guid":{"rendered":"https:\/\/gerardoduque.com.mx\/?p=42715"},"modified":"2026-01-08T08:44:54","modified_gmt":"2026-01-08T14:44:54","slug":"avanza-30-la-rehabilitacion-del-camino-al-ejido-la-libertad","status":"publish","type":"post","link":"https:\/\/gerardoduque.com.mx\/?p=42715","title":{"rendered":"AVANZA 30% LA REHABILITACI\u00d3N DEL CAMINO AL EJIDO LA LIBERTAD"},"content":{"rendered":"\n<p>La rehabilitaci\u00f3n integral del Camino al Ejido La Libertad registra un avance del 30 por ciento, como parte de un proyecto coordinado con autoridades municipales que forma parte de las acciones de mejora en el entorno del Mercado de Abastos y su zona de influencia.<\/p>\n\n\n\n<p>De acuerdo con informaci\u00f3n de la Secretar\u00eda de Desarrollo Urbano, Vivienda y Obras P\u00fablicas, los trabajos se realizan de manera continua en esta vialidad, la cual conecta a tres municipios y funciona como un acceso estrat\u00e9gico a una de las principales \u00e1reas comerciales y de distribuci\u00f3n de la zona metropolitana.<\/p>\n\n\n\n<p>La dependencia indic\u00f3 que, previo al inicio de la obra, la vialidad presentaba un deterioro considerable. Actualmente se llevan a cabo colados de concreto hidr\u00e1ulico en las superficies de rodamiento, lo que permitir\u00e1 mejorar las condiciones de circulaci\u00f3n para transporte de carga y veh\u00edculos particulares.<\/p>\n\n\n\n<p>El proyecto contempla adem\u00e1s el redise\u00f1o de banquetas, la instalaci\u00f3n de alumbrado p\u00fablico y nueva se\u00f1alizaci\u00f3n vial, con el prop\u00f3sito de incrementar la seguridad y funcionalidad del camino para quienes transitan diariamente por esta zona.<\/p>\n","protected":false},"excerpt":{"rendered":"<p>La rehabilitaci\u00f3n del Camino al Ejido La Libertad presenta un avance del 30 por ciento, con trabajos diarios que buscan mejorar la movilidad y el acceso a la zona del Mercado de Abastos.<\/p>\n","protected":false},"author":4,"featured_media":42716,"comment_status":"closed","ping_status":"closed","sticky":false,"template":"","format":"standard","meta":{"_et_pb_use_builder":"off","_et_pb_old_content":"","_et_gb_content_width":"","footnotes":""},"categories":[280],"tags":[72,66,74],"class_list":["post-42715","post","type-post","status-publish","format-standard","has-post-thumbnail","hentry","category-gob-slp","tag-gobierno-del-estado","tag-san-luis-potosi","tag-seduvop"],"_links":{"self":[{"href":"https:\/\/gerardoduque.com.mx\/index.php?rest_route=\/wp\/v2\/posts\/42715","targetHints":{"allow":["GET"]}}],"collection":[{"href":"https:\/\/gerardoduque.com.mx\/index.php?rest_route=\/wp\/v2\/posts"}],"about":[{"href":"https:\/\/gerardoduque.com.mx\/index.php?rest_route=\/wp\/v2\/types\/post"}],"author":[{"embeddable":true,"href":"https:\/\/gerardoduque.com.mx\/index.php?rest_route=\/wp\/v2\/users\/4"}],"replies":[{"embeddable":true,"href":"https:\/\/gerardoduque.com.mx\/index.php?rest_route=%2Fwp%2Fv2%2Fcomments&post=42715"}],"version-history":[{"count":0,"href":"https:\/\/gerardoduque.com.mx\/index.php?rest_route=\/wp\/v2\/posts\/42715\/revisions"}],"wp:featuredmedia":[{"embeddable":true,"href":"https:\/\/gerardoduque.com.mx\/index.php?rest_route=\/wp\/v2\/media\/42716"}],"wp:attachment":[{"href":"https:\/\/gerardoduque.com.mx\/index.php?rest_route=%2Fwp%2Fv2%2Fmedia&parent=42715"}],"wp:term":[{"taxonomy":"category","embeddable":true,"href":"https:\/\/gerardoduque.com.mx\/index.php?rest_route=%2Fwp%2Fv2%2Fcategories&post=42715"},{"taxonomy":"post_tag","embeddable":true,"href":"https:\/\/gerardoduque.com.mx\/index.php?rest_route=%2Fwp%2Fv2%2Ftags&post=42715"}],"curies":[{"name":"wp","href":"https:\/\/api.w.org\/{rel}","templated":true}]}}