{"id":42686,"date":"2026-01-07T09:50:18","date_gmt":"2026-01-07T15:50:18","guid":{"rendered":"https:\/\/gerardoduque.com.mx\/?p=42686"},"modified":"2026-01-07T09:50:28","modified_gmt":"2026-01-07T15:50:28","slug":"finanzas-revisa-operacion-del-control-vehicular-tras-alta-demanda-de-inicio-de-ano","status":"publish","type":"post","link":"https:\/\/gerardoduque.com.mx\/?p=42686","title":{"rendered":"FINANZAS REVISA OPERACI\u00d3N DEL CONTROL VEHICULAR TRAS ALTA DEMANDA DE INICIO DE A\u00d1O"},"content":{"rendered":"\n<p>La Secretar\u00eda de Finanzas realiz\u00f3 una reuni\u00f3n de trabajo extraordinaria con titulares de las distintas \u00e1reas de la dependencia para evaluar los procesos de atenci\u00f3n derivados del cobro del control vehicular durante los primeros d\u00edas del a\u00f1o.<\/p>\n\n\n\n<p>Durante el encuentro se analizaron las acciones operativas aplicadas, as\u00ed como incidencias t\u00e9cnicas y administrativas detectadas en el arranque del periodo, lo que permiti\u00f3 identificar \u00e1reas de mejora y definir ajustes para optimizar el servicio a la ciudadan\u00eda.<\/p>\n\n\n\n<p>La dependencia inform\u00f3 que estas medidas est\u00e1n orientadas a mejorar los tiempos de respuesta, fortalecer la coordinaci\u00f3n interna y asegurar una atenci\u00f3n m\u00e1s eficiente y ordenada, mediante un proceso permanente de supervisi\u00f3n y mejora en los servicios que se brindan a la poblaci\u00f3n.<\/p>\n","protected":false},"excerpt":{"rendered":"<p>Se revis\u00f3 la operaci\u00f3n del cobro de control vehicular tras la alta demanda registrada a inicios de a\u00f1o, con el fin de realizar ajustes inmediatos en la atenci\u00f3n al p\u00fablico.<\/p>\n","protected":false},"author":4,"featured_media":42687,"comment_status":"closed","ping_status":"closed","sticky":false,"template":"","format":"standard","meta":{"_et_pb_use_builder":"off","_et_pb_old_content":"","_et_gb_content_width":"","footnotes":""},"categories":[280],"tags":[72,66,132],"class_list":["post-42686","post","type-post","status-publish","format-standard","has-post-thumbnail","hentry","category-gob-slp","tag-gobierno-del-estado","tag-san-luis-potosi","tag-sefin"],"_links":{"self":[{"href":"https:\/\/gerardoduque.com.mx\/index.php?rest_route=\/wp\/v2\/posts\/42686","targetHints":{"allow":["GET"]}}],"collection":[{"href":"https:\/\/gerardoduque.com.mx\/index.php?rest_route=\/wp\/v2\/posts"}],"about":[{"href":"https:\/\/gerardoduque.com.mx\/index.php?rest_route=\/wp\/v2\/types\/post"}],"author":[{"embeddable":true,"href":"https:\/\/gerardoduque.com.mx\/index.php?rest_route=\/wp\/v2\/users\/4"}],"replies":[{"embeddable":true,"href":"https:\/\/gerardoduque.com.mx\/index.php?rest_route=%2Fwp%2Fv2%2Fcomments&post=42686"}],"version-history":[{"count":0,"href":"https:\/\/gerardoduque.com.mx\/index.php?rest_route=\/wp\/v2\/posts\/42686\/revisions"}],"wp:featuredmedia":[{"embeddable":true,"href":"https:\/\/gerardoduque.com.mx\/index.php?rest_route=\/wp\/v2\/media\/42687"}],"wp:attachment":[{"href":"https:\/\/gerardoduque.com.mx\/index.php?rest_route=%2Fwp%2Fv2%2Fmedia&parent=42686"}],"wp:term":[{"taxonomy":"category","embeddable":true,"href":"https:\/\/gerardoduque.com.mx\/index.php?rest_route=%2Fwp%2Fv2%2Fcategories&post=42686"},{"taxonomy":"post_tag","embeddable":true,"href":"https:\/\/gerardoduque.com.mx\/index.php?rest_route=%2Fwp%2Fv2%2Ftags&post=42686"}],"curies":[{"name":"wp","href":"https:\/\/api.w.org\/{rel}","templated":true}]}}