{"id":42677,"date":"2026-01-07T09:35:03","date_gmt":"2026-01-07T15:35:03","guid":{"rendered":"https:\/\/gerardoduque.com.mx\/?p=42677"},"modified":"2026-01-07T09:35:17","modified_gmt":"2026-01-07T15:35:17","slug":"caravana-de-migrantes-2025-concluye-sin-incidentes-y-con-acompanamiento-a-mas-de-500-familias","status":"publish","type":"post","link":"https:\/\/gerardoduque.com.mx\/?p=42677","title":{"rendered":"CARAVANA DE MIGRANTES 2025 CONCLUYE SIN INCIDENTES Y CON ACOMPA\u00d1AMIENTO A M\u00c1S DE 500 FAMILIAS"},"content":{"rendered":"\n<p>Durante el desarrollo de la Caravana de Migrantes 2025 se implement\u00f3 un operativo de acompa\u00f1amiento y seguridad que permiti\u00f3 el tr\u00e1nsito ordenado de m\u00e1s de 500 familias, tanto de quienes arribaron a la entidad como de aquellas que continuaron su recorrido hacia otros estados del pa\u00eds.<\/p>\n\n\n\n<p>El Instituto de Migraci\u00f3n y Enlace Internacional inform\u00f3 que, durante las revisiones de documentos y veh\u00edculos realizadas por autoridades migratorias de Estados Unidos, no se registraron sanciones ni conflictos, ya que las y los participantes acreditaron su estancia regular y la legalidad de sus pertenencias.<\/p>\n\n\n\n<p>Para el retorno hacia Estados Unidos, se mantuvo un esquema de vigilancia y apoyo en coordinaci\u00f3n con corporaciones de seguridad y dependencias federales y estatales, incluyendo acompa\u00f1amiento en carretera y asistencia a los connacionales durante el trayecto.<\/p>\n\n\n\n<p>Las acciones permitieron que el traslado se realizara sin contratiempos, garantizando condiciones de seguridad y orientaci\u00f3n para las familias participantes en cada etapa del recorrido.<\/p>\n","protected":false},"excerpt":{"rendered":"<p>M\u00e1s de 500 familias participaron en la Caravana de Migrantes 2025, que concluy\u00f3 sin incidentes durante su trayecto de ingreso y retorno, con acompa\u00f1amiento de distintas autoridades en rutas y cruces.<\/p>\n","protected":false},"author":4,"featured_media":42678,"comment_status":"closed","ping_status":"closed","sticky":false,"template":"","format":"standard","meta":{"_et_pb_use_builder":"off","_et_pb_old_content":"","_et_gb_content_width":"","footnotes":""},"categories":[280],"tags":[72,268,66],"class_list":["post-42677","post","type-post","status-publish","format-standard","has-post-thumbnail","hentry","category-gob-slp","tag-gobierno-del-estado","tag-imei","tag-san-luis-potosi"],"_links":{"self":[{"href":"https:\/\/gerardoduque.com.mx\/index.php?rest_route=\/wp\/v2\/posts\/42677","targetHints":{"allow":["GET"]}}],"collection":[{"href":"https:\/\/gerardoduque.com.mx\/index.php?rest_route=\/wp\/v2\/posts"}],"about":[{"href":"https:\/\/gerardoduque.com.mx\/index.php?rest_route=\/wp\/v2\/types\/post"}],"author":[{"embeddable":true,"href":"https:\/\/gerardoduque.com.mx\/index.php?rest_route=\/wp\/v2\/users\/4"}],"replies":[{"embeddable":true,"href":"https:\/\/gerardoduque.com.mx\/index.php?rest_route=%2Fwp%2Fv2%2Fcomments&post=42677"}],"version-history":[{"count":0,"href":"https:\/\/gerardoduque.com.mx\/index.php?rest_route=\/wp\/v2\/posts\/42677\/revisions"}],"wp:featuredmedia":[{"embeddable":true,"href":"https:\/\/gerardoduque.com.mx\/index.php?rest_route=\/wp\/v2\/media\/42678"}],"wp:attachment":[{"href":"https:\/\/gerardoduque.com.mx\/index.php?rest_route=%2Fwp%2Fv2%2Fmedia&parent=42677"}],"wp:term":[{"taxonomy":"category","embeddable":true,"href":"https:\/\/gerardoduque.com.mx\/index.php?rest_route=%2Fwp%2Fv2%2Fcategories&post=42677"},{"taxonomy":"post_tag","embeddable":true,"href":"https:\/\/gerardoduque.com.mx\/index.php?rest_route=%2Fwp%2Fv2%2Ftags&post=42677"}],"curies":[{"name":"wp","href":"https:\/\/api.w.org\/{rel}","templated":true}]}}