{"id":42674,"date":"2026-01-07T09:30:10","date_gmt":"2026-01-07T15:30:10","guid":{"rendered":"https:\/\/gerardoduque.com.mx\/?p=42674"},"modified":"2026-01-07T09:30:21","modified_gmt":"2026-01-07T15:30:21","slug":"proteccion-civil-del-estado-definira-tres-ejes-de-trabajo-para-2026","status":"publish","type":"post","link":"https:\/\/gerardoduque.com.mx\/?p=42674","title":{"rendered":"PROTECCI\u00d3N CIVIL DEL ESTADO DEFINIR\u00c1 TRES EJES DE TRABAJO PARA 2026"},"content":{"rendered":"\n<p>La Coordinaci\u00f3n Estatal de Protecci\u00f3n Civil dio a conocer que para 2026 se establecer\u00e1n tres ejes de trabajo orientados a reforzar la prevenci\u00f3n y la atenci\u00f3n de emergencias en el estado, de acuerdo con lineamientos definidos por el Ejecutivo estatal.<\/p>\n\n\n\n<p>El primer eje se centra en el acompa\u00f1amiento y capacitaci\u00f3n a los 59 municipios, con el objetivo de fortalecer las \u00e1reas locales de protecci\u00f3n civil y mejorar su capacidad operativa. En este marco, se plante\u00f3 la necesidad de que los ayuntamientos destinen recursos para equipamiento, personal y formaci\u00f3n t\u00e9cnica.<\/p>\n\n\n\n<p>El segundo eje contempla la apertura de la Escuela Nacional de Protecci\u00f3n Civil en la entidad, con la intenci\u00f3n de iniciar la formaci\u00f3n de la primera generaci\u00f3n de especialistas durante el pr\u00f3ximo a\u00f1o, enfocada en atenci\u00f3n de riesgos, prevenci\u00f3n y respuesta ante emergencias.<\/p>\n\n\n\n<p>El tercer eje est\u00e1 orientado a la coordinaci\u00f3n con el sector privado, para reforzar el cumplimiento de la normatividad en materia de seguridad, as\u00ed como la capacitaci\u00f3n permanente y la implementaci\u00f3n de medidas preventivas en centros de trabajo.<\/p>\n","protected":false},"excerpt":{"rendered":"<p>Para 2026 se prev\u00e9 el fortalecimiento de acciones de prevenci\u00f3n y seguridad en materia de protecci\u00f3n civil, con \u00e9nfasis en municipios, capacitaci\u00f3n especializada y sector privado.<\/p>\n","protected":false},"author":4,"featured_media":42675,"comment_status":"closed","ping_status":"closed","sticky":false,"template":"","format":"standard","meta":{"_et_pb_use_builder":"off","_et_pb_old_content":"","_et_gb_content_width":"","footnotes":""},"categories":[280],"tags":[190,72,66],"class_list":["post-42674","post","type-post","status-publish","format-standard","has-post-thumbnail","hentry","category-gob-slp","tag-cepc","tag-gobierno-del-estado","tag-san-luis-potosi"],"_links":{"self":[{"href":"https:\/\/gerardoduque.com.mx\/index.php?rest_route=\/wp\/v2\/posts\/42674","targetHints":{"allow":["GET"]}}],"collection":[{"href":"https:\/\/gerardoduque.com.mx\/index.php?rest_route=\/wp\/v2\/posts"}],"about":[{"href":"https:\/\/gerardoduque.com.mx\/index.php?rest_route=\/wp\/v2\/types\/post"}],"author":[{"embeddable":true,"href":"https:\/\/gerardoduque.com.mx\/index.php?rest_route=\/wp\/v2\/users\/4"}],"replies":[{"embeddable":true,"href":"https:\/\/gerardoduque.com.mx\/index.php?rest_route=%2Fwp%2Fv2%2Fcomments&post=42674"}],"version-history":[{"count":0,"href":"https:\/\/gerardoduque.com.mx\/index.php?rest_route=\/wp\/v2\/posts\/42674\/revisions"}],"wp:featuredmedia":[{"embeddable":true,"href":"https:\/\/gerardoduque.com.mx\/index.php?rest_route=\/wp\/v2\/media\/42675"}],"wp:attachment":[{"href":"https:\/\/gerardoduque.com.mx\/index.php?rest_route=%2Fwp%2Fv2%2Fmedia&parent=42674"}],"wp:term":[{"taxonomy":"category","embeddable":true,"href":"https:\/\/gerardoduque.com.mx\/index.php?rest_route=%2Fwp%2Fv2%2Fcategories&post=42674"},{"taxonomy":"post_tag","embeddable":true,"href":"https:\/\/gerardoduque.com.mx\/index.php?rest_route=%2Fwp%2Fv2%2Ftags&post=42674"}],"curies":[{"name":"wp","href":"https:\/\/api.w.org\/{rel}","templated":true}]}}