{"id":42671,"date":"2026-01-07T08:33:24","date_gmt":"2026-01-07T14:33:24","guid":{"rendered":"https:\/\/gerardoduque.com.mx\/?p=42671"},"modified":"2026-01-07T08:33:33","modified_gmt":"2026-01-07T14:33:33","slug":"disminuye-carencia-alimentaria-en-slp-entre-2020-y-2024-segun-medicion-del-inegi","status":"publish","type":"post","link":"https:\/\/gerardoduque.com.mx\/?p=42671","title":{"rendered":"DISMINUYE CARENCIA ALIMENTARIA EN SLP ENTRE 2020 Y 2024, SEG\u00daN MEDICI\u00d3N DEL INEGI"},"content":{"rendered":"\n<p>La carencia por acceso a una alimentaci\u00f3n nutritiva y de calidad en el estado pas\u00f3 de 18.7 a 13.9 por ciento entre 2020 y 2024, de acuerdo con la medici\u00f3n de pobreza multidimensional del Instituto Nacional de Estad\u00edstica y Geograf\u00eda (INEGI).<\/p>\n\n\n\n<p>La Secretar\u00eda de Desarrollo Social y Regional inform\u00f3 que este comportamiento coincide con la operaci\u00f3n del programa Seguridad Alimentaria, orientado a la entrega directa de apoyos alimentarios en hogares con mayores niveles de vulnerabilidad, como parte de una pol\u00edtica social de alcance estatal.<\/p>\n\n\n\n<p>Al cierre de 2024, el programa report\u00f3 la atenci\u00f3n de m\u00e1s de 550 mil personas en los 59 municipios. Para el presente a\u00f1o, se prev\u00e9 la incorporaci\u00f3n de insumos complementarios enfocados en la limpieza del hogar, con el objetivo de ampliar el apoyo a la econom\u00eda familiar.<\/p>\n\n\n\n<p>Las cifras forman parte de los indicadores utilizados para evaluar la evoluci\u00f3n de las condiciones de vida de la poblaci\u00f3n y el acceso a derechos sociales b\u00e1sicos.<\/p>\n","protected":false},"excerpt":{"rendered":"<p>Entre 2020 y 2024, la carencia por acceso a una alimentaci\u00f3n nutritiva disminuy\u00f3 en el estado, de acuerdo con mediciones oficiales, en un periodo en el que el programa Seguridad Alimentaria ampli\u00f3 su cobertura.<\/p>\n","protected":false},"author":4,"featured_media":42672,"comment_status":"closed","ping_status":"closed","sticky":false,"template":"","format":"standard","meta":{"_et_pb_use_builder":"off","_et_pb_old_content":"","_et_gb_content_width":"","footnotes":""},"categories":[280],"tags":[72,232,66,241],"class_list":["post-42671","post","type-post","status-publish","format-standard","has-post-thumbnail","hentry","category-gob-slp","tag-gobierno-del-estado","tag-inegi","tag-san-luis-potosi","tag-sedesore"],"_links":{"self":[{"href":"https:\/\/gerardoduque.com.mx\/index.php?rest_route=\/wp\/v2\/posts\/42671","targetHints":{"allow":["GET"]}}],"collection":[{"href":"https:\/\/gerardoduque.com.mx\/index.php?rest_route=\/wp\/v2\/posts"}],"about":[{"href":"https:\/\/gerardoduque.com.mx\/index.php?rest_route=\/wp\/v2\/types\/post"}],"author":[{"embeddable":true,"href":"https:\/\/gerardoduque.com.mx\/index.php?rest_route=\/wp\/v2\/users\/4"}],"replies":[{"embeddable":true,"href":"https:\/\/gerardoduque.com.mx\/index.php?rest_route=%2Fwp%2Fv2%2Fcomments&post=42671"}],"version-history":[{"count":0,"href":"https:\/\/gerardoduque.com.mx\/index.php?rest_route=\/wp\/v2\/posts\/42671\/revisions"}],"wp:featuredmedia":[{"embeddable":true,"href":"https:\/\/gerardoduque.com.mx\/index.php?rest_route=\/wp\/v2\/media\/42672"}],"wp:attachment":[{"href":"https:\/\/gerardoduque.com.mx\/index.php?rest_route=%2Fwp%2Fv2%2Fmedia&parent=42671"}],"wp:term":[{"taxonomy":"category","embeddable":true,"href":"https:\/\/gerardoduque.com.mx\/index.php?rest_route=%2Fwp%2Fv2%2Fcategories&post=42671"},{"taxonomy":"post_tag","embeddable":true,"href":"https:\/\/gerardoduque.com.mx\/index.php?rest_route=%2Fwp%2Fv2%2Ftags&post=42671"}],"curies":[{"name":"wp","href":"https:\/\/api.w.org\/{rel}","templated":true}]}}