{"id":42668,"date":"2026-01-07T08:25:49","date_gmt":"2026-01-07T14:25:49","guid":{"rendered":"https:\/\/gerardoduque.com.mx\/?p=42668"},"modified":"2026-01-07T08:26:02","modified_gmt":"2026-01-07T14:26:02","slug":"ieea-certifica-a-mas-de-55-mil-personas-en-educacion-basica-durante-2025","status":"publish","type":"post","link":"https:\/\/gerardoduque.com.mx\/?p=42668","title":{"rendered":"IEEA CERTIFICA A M\u00c1S DE 55 MIL PERSONAS EN EDUCACI\u00d3N B\u00c1SICA DURANTE 2025"},"content":{"rendered":"\n<p>Durante el cierre de 2025, el Instituto Estatal de Educaci\u00f3n para Adultos certific\u00f3 a 55 mil 692 personas que concluyeron estudios de educaci\u00f3n b\u00e1sica, al rebasar las metas programadas en alfabetizaci\u00f3n, primaria y secundaria.<\/p>\n\n\n\n<p>De acuerdo con la informaci\u00f3n presentada por el director del Instituto, 11 mil 331 personas concluyeron el proceso de alfabetizaci\u00f3n, por encima de la meta anual de siete mil 300. En educaci\u00f3n primaria se certific\u00f3 a 20 mil 682 personas, superando el objetivo de 11 mil 920, mientras que en nivel secundaria concluyeron sus estudios 24 mil 979 personas, frente a una meta de 16 mil 040.<\/p>\n\n\n\n<p>Las cifras corresponden a los programas de atenci\u00f3n educativa para personas j\u00f3venes y adultas, mediante los cuales se brinda acceso a la educaci\u00f3n b\u00e1sica en distintas regiones del estado, buscando reducir el rezago educativo.<\/p>\n","protected":false},"excerpt":{"rendered":"<p>Durante 2025, el Instituto Estatal de Educaci\u00f3n para Adultos certific\u00f3 a m\u00e1s de 55 mil personas que concluyeron estudios de alfabetizaci\u00f3n, primaria y secundaria.<\/p>\n","protected":false},"author":4,"featured_media":42669,"comment_status":"closed","ping_status":"closed","sticky":false,"template":"","format":"standard","meta":{"_et_pb_use_builder":"off","_et_pb_old_content":"","_et_gb_content_width":"","footnotes":""},"categories":[280],"tags":[72,264,66],"class_list":["post-42668","post","type-post","status-publish","format-standard","has-post-thumbnail","hentry","category-gob-slp","tag-gobierno-del-estado","tag-ieea","tag-san-luis-potosi"],"_links":{"self":[{"href":"https:\/\/gerardoduque.com.mx\/index.php?rest_route=\/wp\/v2\/posts\/42668","targetHints":{"allow":["GET"]}}],"collection":[{"href":"https:\/\/gerardoduque.com.mx\/index.php?rest_route=\/wp\/v2\/posts"}],"about":[{"href":"https:\/\/gerardoduque.com.mx\/index.php?rest_route=\/wp\/v2\/types\/post"}],"author":[{"embeddable":true,"href":"https:\/\/gerardoduque.com.mx\/index.php?rest_route=\/wp\/v2\/users\/4"}],"replies":[{"embeddable":true,"href":"https:\/\/gerardoduque.com.mx\/index.php?rest_route=%2Fwp%2Fv2%2Fcomments&post=42668"}],"version-history":[{"count":0,"href":"https:\/\/gerardoduque.com.mx\/index.php?rest_route=\/wp\/v2\/posts\/42668\/revisions"}],"wp:featuredmedia":[{"embeddable":true,"href":"https:\/\/gerardoduque.com.mx\/index.php?rest_route=\/wp\/v2\/media\/42669"}],"wp:attachment":[{"href":"https:\/\/gerardoduque.com.mx\/index.php?rest_route=%2Fwp%2Fv2%2Fmedia&parent=42668"}],"wp:term":[{"taxonomy":"category","embeddable":true,"href":"https:\/\/gerardoduque.com.mx\/index.php?rest_route=%2Fwp%2Fv2%2Fcategories&post=42668"},{"taxonomy":"post_tag","embeddable":true,"href":"https:\/\/gerardoduque.com.mx\/index.php?rest_route=%2Fwp%2Fv2%2Ftags&post=42668"}],"curies":[{"name":"wp","href":"https:\/\/api.w.org\/{rel}","templated":true}]}}