{"id":37573,"date":"2025-06-20T16:53:23","date_gmt":"2025-06-20T22:53:23","guid":{"rendered":"https:\/\/gerardoduque.com.mx\/?p=37573"},"modified":"2025-06-20T16:53:30","modified_gmt":"2025-06-20T22:53:30","slug":"restringen-actividades-en-parajes-turisticos-por-incremento-en-niveles-de-agua","status":"publish","type":"post","link":"https:\/\/gerardoduque.com.mx\/?p=37573","title":{"rendered":"RESTRINGEN ACTIVIDADES EN PARAJES TUR\u00cdSTICOS POR INCREMENTO EN NIVELES DE AGUA"},"content":{"rendered":"\n<p>Derivado de las lluvias intensas en la Huasteca, que elevaron los niveles de r\u00edos y cuerpos de agua, fueron restringidas las actividades acu\u00e1ticas en la mayor\u00eda de los parajes tur\u00edsticos de la regi\u00f3n. Sitios tur\u00edsticos como \u201cTanchach\u00edn\u201d, \u201cLa Morena\u201d, \u201cEl Sidral\u201d, \u201cPuente de Dios\u201d, \u201cTambaque\u201d, \u201cSanta Mar\u00eda Picula\u201d y \u201cEl Nacimiento\u201d est\u00e1n cerrados por el incremento en el nivel del agua.&nbsp;<\/p>\n\n\n\n<p>Las Cascadas de Micos, Tamasopo y El Naranjo permanecen abiertas solo para contemplaci\u00f3n, con la suspensi\u00f3n de actividades acu\u00e1ticas.&nbsp; La Secretar\u00eda de Turismo inform\u00f3 que se colabora con turismo municipal y Protecci\u00f3n Civil para monitorear los cuerpos de agua y llam\u00f3 a la poblaci\u00f3n a extremar precauciones, ya que las lluvias continuar\u00e1n en las pr\u00f3ximas horas.<\/p>\n","protected":false},"excerpt":{"rendered":"<p>Se ha determinado la restricci\u00f3n total de actividades acu\u00e1ticas en la mayor\u00eda de los parajes tur\u00edsticos de la Huasteca.<\/p>\n","protected":false},"author":4,"featured_media":37574,"comment_status":"closed","ping_status":"closed","sticky":false,"template":"","format":"standard","meta":{"_et_pb_use_builder":"off","_et_pb_old_content":"","_et_gb_content_width":"","footnotes":""},"categories":[412,280],"tags":[72,66,316],"class_list":["post-37573","post","type-post","status-publish","format-standard","has-post-thumbnail","hentry","category-destacado","category-gob-slp","tag-gobierno-del-estado","tag-san-luis-potosi","tag-sectur"],"_links":{"self":[{"href":"https:\/\/gerardoduque.com.mx\/index.php?rest_route=\/wp\/v2\/posts\/37573","targetHints":{"allow":["GET"]}}],"collection":[{"href":"https:\/\/gerardoduque.com.mx\/index.php?rest_route=\/wp\/v2\/posts"}],"about":[{"href":"https:\/\/gerardoduque.com.mx\/index.php?rest_route=\/wp\/v2\/types\/post"}],"author":[{"embeddable":true,"href":"https:\/\/gerardoduque.com.mx\/index.php?rest_route=\/wp\/v2\/users\/4"}],"replies":[{"embeddable":true,"href":"https:\/\/gerardoduque.com.mx\/index.php?rest_route=%2Fwp%2Fv2%2Fcomments&post=37573"}],"version-history":[{"count":0,"href":"https:\/\/gerardoduque.com.mx\/index.php?rest_route=\/wp\/v2\/posts\/37573\/revisions"}],"wp:featuredmedia":[{"embeddable":true,"href":"https:\/\/gerardoduque.com.mx\/index.php?rest_route=\/wp\/v2\/media\/37574"}],"wp:attachment":[{"href":"https:\/\/gerardoduque.com.mx\/index.php?rest_route=%2Fwp%2Fv2%2Fmedia&parent=37573"}],"wp:term":[{"taxonomy":"category","embeddable":true,"href":"https:\/\/gerardoduque.com.mx\/index.php?rest_route=%2Fwp%2Fv2%2Fcategories&post=37573"},{"taxonomy":"post_tag","embeddable":true,"href":"https:\/\/gerardoduque.com.mx\/index.php?rest_route=%2Fwp%2Fv2%2Ftags&post=37573"}],"curies":[{"name":"wp","href":"https:\/\/api.w.org\/{rel}","templated":true}]}}