{"id":37560,"date":"2025-06-19T22:07:57","date_gmt":"2025-06-20T04:07:57","guid":{"rendered":"https:\/\/gerardoduque.com.mx\/?p=37560"},"modified":"2025-06-19T22:08:02","modified_gmt":"2025-06-20T04:08:02","slug":"por-fuertes-lluvias-suspenden-clases-en-varios-municipios-de-la-huasteca-y-zona-media","status":"publish","type":"post","link":"https:\/\/gerardoduque.com.mx\/?p=37560","title":{"rendered":"POR FUERTES LLUVIAS, SUSPENDEN CLASES EN VARIOS MUNICIPIOS DE LA HUASTECA Y ZONA MEDIA"},"content":{"rendered":"\n<p>En el estado de San Luis Potos\u00ed se pronostican fuertes lluvias debido al impacto del hurac\u00e1n \u201cErick\u201d en las costas de Oaxaca y Guerrero.<\/p>\n\n\n\n<p>En la entidad potosina, las lluvias afectar\u00e1n principalmente municipios de la regi\u00f3n Huasteca y de la zona Media.<\/p>\n\n\n\n<p>El Gobierno del Estado inform\u00f3 que, para preservar la seguridad de la poblaci\u00f3n estudiantil se determin\u00f3 suspender clases este viernes 20 de junio en ambas regiones.<\/p>\n\n\n\n<p>De acuerdo a pron\u00f3sticos meteorol\u00f3gicos, durante las pr\u00f3ximas horas se registrar\u00e1n precipitaciones pluviales de aproximadamente 60 mil\u00edmetros por metro cuadrado. Por ello, de manera preventiva Protecci\u00f3n Civil estatal en coordinaci\u00f3n con la Secretar\u00eda de Educaci\u00f3n de Gobierno del Estado recomendaron la suspensi\u00f3n de clases.<\/p>\n\n\n\n<p>En la regi\u00f3n Huasteca no habr\u00e1 clases en los municipios de Tamazunchale, Axtla de Terrazas, Xilitla, Aquism\u00f3n, Coxcatl\u00e1n, Matlapa, Tampamol\u00f3n, Tancanhuitz, San Mart\u00edn Chalchicuautla, El Naranjo y Tamasopo.<\/p>\n\n\n\n<p>En la zona Media se suspenden clases en Ciudad del Ma\u00edz, Ray\u00f3n, C\u00e1rdenas, Lagunillas y Santa Catarina.<\/p>\n\n\n\n<p>La suspensi\u00f3n de clases se aplica este viernes 20 de junio, y abarca todas las actividades acad\u00e9micas y administrativas en ambos turnos, en planteles p\u00fablicos y privados.<\/p>\n\n\n\n<p>De acuerdo a las autoridades, el objetivo es salvaguardar la integridad f\u00edsica de los estudiantes, padres de familia y personal en general.<\/p>\n\n\n\n<p>La Coordinaci\u00f3n Estatal de Protecci\u00f3n Civil mantendr\u00e1 un constante monitoreo de las precipitaciones pluviales que se presenten en las cuatro regiones del Estado, poniendo mayor atenci\u00f3n durante el fin de semana.<\/p>\n\n\n\n<p>Se recomienda a la poblaci\u00f3n en general mantenerse atenta a los reportes que se emitan a trav\u00e9s de canales oficiales.<\/p>\n","protected":false},"excerpt":{"rendered":"<p>Este viernes 20 de junio <\/p>\n","protected":false},"author":4,"featured_media":37561,"comment_status":"closed","ping_status":"closed","sticky":false,"template":"","format":"standard","meta":{"_et_pb_use_builder":"off","_et_pb_old_content":"","_et_gb_content_width":"","footnotes":""},"categories":[412,62],"tags":[],"class_list":["post-37560","post","type-post","status-publish","format-standard","has-post-thumbnail","hentry","category-destacado","category-redaccion"],"_links":{"self":[{"href":"https:\/\/gerardoduque.com.mx\/index.php?rest_route=\/wp\/v2\/posts\/37560","targetHints":{"allow":["GET"]}}],"collection":[{"href":"https:\/\/gerardoduque.com.mx\/index.php?rest_route=\/wp\/v2\/posts"}],"about":[{"href":"https:\/\/gerardoduque.com.mx\/index.php?rest_route=\/wp\/v2\/types\/post"}],"author":[{"embeddable":true,"href":"https:\/\/gerardoduque.com.mx\/index.php?rest_route=\/wp\/v2\/users\/4"}],"replies":[{"embeddable":true,"href":"https:\/\/gerardoduque.com.mx\/index.php?rest_route=%2Fwp%2Fv2%2Fcomments&post=37560"}],"version-history":[{"count":0,"href":"https:\/\/gerardoduque.com.mx\/index.php?rest_route=\/wp\/v2\/posts\/37560\/revisions"}],"wp:featuredmedia":[{"embeddable":true,"href":"https:\/\/gerardoduque.com.mx\/index.php?rest_route=\/wp\/v2\/media\/37561"}],"wp:attachment":[{"href":"https:\/\/gerardoduque.com.mx\/index.php?rest_route=%2Fwp%2Fv2%2Fmedia&parent=37560"}],"wp:term":[{"taxonomy":"category","embeddable":true,"href":"https:\/\/gerardoduque.com.mx\/index.php?rest_route=%2Fwp%2Fv2%2Fcategories&post=37560"},{"taxonomy":"post_tag","embeddable":true,"href":"https:\/\/gerardoduque.com.mx\/index.php?rest_route=%2Fwp%2Fv2%2Ftags&post=37560"}],"curies":[{"name":"wp","href":"https:\/\/api.w.org\/{rel}","templated":true}]}}