{"id":37538,"date":"2025-06-18T19:54:16","date_gmt":"2025-06-19T01:54:16","guid":{"rendered":"https:\/\/gerardoduque.com.mx\/?p=37538"},"modified":"2025-06-18T19:54:21","modified_gmt":"2025-06-19T01:54:21","slug":"caravana-sin-tanta-gente-y-desperdigados","status":"publish","type":"post","link":"https:\/\/gerardoduque.com.mx\/?p=37538","title":{"rendered":"CARAVANA \u00abSIN TANTA GENTE Y DESPERDIGADOS\u00bb"},"content":{"rendered":"\n<p>Fueron 175 camionetas las que se registraron para unirse a la \u201cCaravana Migrante\u201d que parti\u00f3 este mi\u00e9rcoles durante la madrugada, desde Laredo (Texas) con destino a los estados de San Luis Potos\u00ed, Quer\u00e9taro, Zacatecas, Guanajuato y Michoac\u00e1n.<\/p>\n\n\n\n<p>En cada camioneta viajaban en promedio cuatro miembros de una familia.<\/p>\n\n\n\n<p>Durante el d\u00eda transitaron por carreteras del norte y centro de la Rep\u00fablica Mexicana hasta llegar a sus lugares de origen.<\/p>\n\n\n\n<p>El Cap\u00edtulo San Luis Potos\u00ed de la Asociaci\u00f3n \u201cAgenda Migrante\u201d prev\u00e9 que varias de las familias que hoy ingresaron a M\u00e9xico -unidos en la Caravana-, ya no regresar\u00e1n a Estados Unidos debido a la extrema presi\u00f3n ejercida con las pol\u00edticas de Donald Trump.<\/p>\n\n\n\n<p>Rub\u00e9n trabaja desde hace m\u00e1s de una d\u00e9cada en el estado de Ohio. Hoy manej\u00f3 quince horas para volver a estar en la \u00abSierra Gorda\u00bb de donde es originario. Descansar\u00e1 junto a su familia un par de semanas y luego regresar\u00e1n a Estados Unidos.<\/p>\n\n\n\n<p><strong><em>\u00abLa caravana es la que hacen igual en diciembre nada m\u00e1s que esta vez fue un poco diferente, no hubo tanta gente y como que nos desperdigamos un poco, pero pues ya la libramos, ya estamos aqu\u00ed\u2026 han estado haciendo redadas, entonces pues creo que s\u00ed se est\u00e1 poniendo un poquito dif\u00edcil, he escuchado a mucha gente que incluso andan vendiendo todas sus cosas porque ya se quieren venir para M\u00e9xico\u2026 pues s\u00ed me gustar\u00eda regresar a M\u00e9xico nada m\u00e1s que afortunada o desafortunadamente mis hijos son nacidos all\u00e1, entonces pues tengo que estar all\u00e1 m\u00e1s que nada para estar con ellos\u00bb<\/em><\/strong><\/p>\n\n\n\n<p>El pasado fin de semana, la vocera del Capitulo SLP de \u00abAgenda Migrante\u00bb hab\u00eda adelantado que ser\u00eda al menos \u00ab\ud835\uddf0\ud835\uddf6\ud835\uddf2\ud835\uddfb \ud835\uddf3\ud835\uddee\ud835\uddfa\ud835\uddf6\ud835\uddf9\ud835\uddf6\ud835\uddee\ud835\ude00\u00bb las que vendr\u00edan a M\u00e9xico en la Caravana, y que ya no se regresar\u00edan a E.U.A.<\/p>\n\n\n\n<p>Sin embargo -hoy mi\u00e9rcoles- las estimaciones de Gloria Guadalupe Olvera Montes cambiaron: \u00ab\ud835\udde7\ud835\uddee\ud835\uddf9 \ud835\ude03\ud835\uddf2\ud835\ude07 \ud835\uddf1\ud835\uddf6\ud835\uddf2\ud835\ude07, \ud835\uddf1\ud835\uddfc\ud835\uddf0\ud835\uddf2, \ud835\uddfe\ud835\ude02\ud835\uddf6\ud835\uddfb\ud835\uddf0\ud835\uddf2, \ud835\ude03\ud835\uddf2\ud835\uddf6\ud835\uddfb\ud835\ude01\ud835\uddf2 (\ud835\uddf3\ud835\uddee\ud835\uddfa\ud835\uddf6\ud835\uddf9\ud835\uddf6\ud835\uddee\ud835\ude00)\u00bb<\/p>\n\n\n\n<p><\/p>\n","protected":false},"excerpt":{"rendered":"<p>Cambian dr\u00e1sticamente las estimaciones de \u00abAgenda Migrante\u00bb <\/p>\n","protected":false},"author":4,"featured_media":37539,"comment_status":"closed","ping_status":"closed","sticky":false,"template":"","format":"standard","meta":{"_et_pb_use_builder":"off","_et_pb_old_content":"","_et_gb_content_width":"","footnotes":""},"categories":[412,62],"tags":[],"class_list":["post-37538","post","type-post","status-publish","format-standard","has-post-thumbnail","hentry","category-destacado","category-redaccion"],"_links":{"self":[{"href":"https:\/\/gerardoduque.com.mx\/index.php?rest_route=\/wp\/v2\/posts\/37538","targetHints":{"allow":["GET"]}}],"collection":[{"href":"https:\/\/gerardoduque.com.mx\/index.php?rest_route=\/wp\/v2\/posts"}],"about":[{"href":"https:\/\/gerardoduque.com.mx\/index.php?rest_route=\/wp\/v2\/types\/post"}],"author":[{"embeddable":true,"href":"https:\/\/gerardoduque.com.mx\/index.php?rest_route=\/wp\/v2\/users\/4"}],"replies":[{"embeddable":true,"href":"https:\/\/gerardoduque.com.mx\/index.php?rest_route=%2Fwp%2Fv2%2Fcomments&post=37538"}],"version-history":[{"count":0,"href":"https:\/\/gerardoduque.com.mx\/index.php?rest_route=\/wp\/v2\/posts\/37538\/revisions"}],"wp:featuredmedia":[{"embeddable":true,"href":"https:\/\/gerardoduque.com.mx\/index.php?rest_route=\/wp\/v2\/media\/37539"}],"wp:attachment":[{"href":"https:\/\/gerardoduque.com.mx\/index.php?rest_route=%2Fwp%2Fv2%2Fmedia&parent=37538"}],"wp:term":[{"taxonomy":"category","embeddable":true,"href":"https:\/\/gerardoduque.com.mx\/index.php?rest_route=%2Fwp%2Fv2%2Fcategories&post=37538"},{"taxonomy":"post_tag","embeddable":true,"href":"https:\/\/gerardoduque.com.mx\/index.php?rest_route=%2Fwp%2Fv2%2Ftags&post=37538"}],"curies":[{"name":"wp","href":"https:\/\/api.w.org\/{rel}","templated":true}]}}