{"id":37480,"date":"2025-06-17T10:25:25","date_gmt":"2025-06-17T16:25:25","guid":{"rendered":"https:\/\/gerardoduque.com.mx\/?p=37480"},"modified":"2025-06-17T10:25:30","modified_gmt":"2025-06-17T16:25:30","slug":"inician-campana-de-canje-de-armas-de-fuego-en-el-estado","status":"publish","type":"post","link":"https:\/\/gerardoduque.com.mx\/?p=37480","title":{"rendered":"INICIAN CAMPA\u00d1A DE CANJE DE ARMAS DE FUEGO EN EL ESTADO"},"content":{"rendered":"\n<p>En colaboraci\u00f3n con las instancias federales, el Gobernador de San Luis Potos\u00ed Ricardo Gallardo Cardona encabez\u00f3 este lunes el inicio de la \u201cCampa\u00f1a de Canje de Armas de Fuego 2025\u201d en las instalaciones de la Doceava Zona Militar, actividad que fomenta la participaci\u00f3n ciudadana para reducir riesgos y contar con hogares y espacios m\u00e1s seguros. Habr\u00e1 m\u00f3dulos de recepci\u00f3n de armas en plazas de las cabeceras municipales.<\/p>\n\n\n\n<p>La campa\u00f1a se llevar\u00e1 a cabo en coordinaci\u00f3n con la Secretar\u00eda de la Defensa Nacional para inhibir el uso de las armas de fuego entre la ciudadan\u00eda y se exhort\u00f3 a quien posea alguna o algunas a que acuda a los m\u00f3dulos de manera voluntaria a entregarlas a cambio de una remuneraci\u00f3n econ\u00f3mica, esto, seg\u00fan el tipo de artefacto y la condici\u00f3n en la que se encuentre.<\/p>\n\n\n\n<p>Ricardo Gallardo Cardona expres\u00f3 que a trav\u00e9s de inversi\u00f3n en este rubro y con la capacitaci\u00f3n constante de los elementos de la Guardia Civil Estatal, quienes mantienen una constante coordinaci\u00f3n con el Ej\u00e9rcito Mexicano para tener presencia en las cuatro regiones y proteger a las familias potosinas.<\/p>\n","protected":false},"excerpt":{"rendered":"<p>Habr\u00e1 m\u00f3dulos de recepci\u00f3n de armas en plazas de las cabeceras municipales.<\/p>\n","protected":false},"author":4,"featured_media":37481,"comment_status":"closed","ping_status":"closed","sticky":false,"template":"","format":"standard","meta":{"_et_pb_use_builder":"off","_et_pb_old_content":"","_et_gb_content_width":"","footnotes":""},"categories":[412,280],"tags":[72,66,213],"class_list":["post-37480","post","type-post","status-publish","format-standard","has-post-thumbnail","hentry","category-destacado","category-gob-slp","tag-gobierno-del-estado","tag-san-luis-potosi","tag-seguridad"],"_links":{"self":[{"href":"https:\/\/gerardoduque.com.mx\/index.php?rest_route=\/wp\/v2\/posts\/37480","targetHints":{"allow":["GET"]}}],"collection":[{"href":"https:\/\/gerardoduque.com.mx\/index.php?rest_route=\/wp\/v2\/posts"}],"about":[{"href":"https:\/\/gerardoduque.com.mx\/index.php?rest_route=\/wp\/v2\/types\/post"}],"author":[{"embeddable":true,"href":"https:\/\/gerardoduque.com.mx\/index.php?rest_route=\/wp\/v2\/users\/4"}],"replies":[{"embeddable":true,"href":"https:\/\/gerardoduque.com.mx\/index.php?rest_route=%2Fwp%2Fv2%2Fcomments&post=37480"}],"version-history":[{"count":0,"href":"https:\/\/gerardoduque.com.mx\/index.php?rest_route=\/wp\/v2\/posts\/37480\/revisions"}],"wp:featuredmedia":[{"embeddable":true,"href":"https:\/\/gerardoduque.com.mx\/index.php?rest_route=\/wp\/v2\/media\/37481"}],"wp:attachment":[{"href":"https:\/\/gerardoduque.com.mx\/index.php?rest_route=%2Fwp%2Fv2%2Fmedia&parent=37480"}],"wp:term":[{"taxonomy":"category","embeddable":true,"href":"https:\/\/gerardoduque.com.mx\/index.php?rest_route=%2Fwp%2Fv2%2Fcategories&post=37480"},{"taxonomy":"post_tag","embeddable":true,"href":"https:\/\/gerardoduque.com.mx\/index.php?rest_route=%2Fwp%2Fv2%2Ftags&post=37480"}],"curies":[{"name":"wp","href":"https:\/\/api.w.org\/{rel}","templated":true}]}}