{"id":37449,"date":"2025-06-16T07:28:00","date_gmt":"2025-06-16T13:28:00","guid":{"rendered":"https:\/\/gerardoduque.com.mx\/?p=37449"},"modified":"2025-06-16T07:28:07","modified_gmt":"2025-06-16T13:28:07","slug":"en-breve-iniciara-la-construccion-de-la-nueva-autopista-san-luis-matehuala","status":"publish","type":"post","link":"https:\/\/gerardoduque.com.mx\/?p=37449","title":{"rendered":"EN BREVE, INICIAR\u00c1 LA CONSTRUCCI\u00d3N DE LA NUEVA AUTOPISTA SAN LUIS-MATEHUALA"},"content":{"rendered":"\n<p>Pr\u00f3ximamente iniciar\u00e1 la construcci\u00f3n de la nueva autopista San Luis \u2013 Matehuala, un proyecto que busca atender el rezago en movilidad registrado en la zona. Con una longitud proyectada de 118 kil\u00f3metros y dise\u00f1o tipo A4, cuatro carriles, esta v\u00eda de cuota cambiar\u00e1 el traslado en el tramo San Luis \u2013 Matehuala, subtramo Villa de Arista \u2013 Matehuala, desahogando el tr\u00e1fico de la saturada carretera 57 y fortaleciendo la conectividad regional.<\/p>\n\n\n\n<p>El titular de la Junta Estatal de Caminos inform\u00f3 que ya se sostienen reuniones con la empresa encargada del dise\u00f1o y construcci\u00f3n abordando temas como el avance del proyecto ejecutivo, la liberaci\u00f3n del derecho de v\u00eda y la obtenci\u00f3n de permisos federales. La dependencia mantiene una supervisi\u00f3n constante para garantizar que esta obra cumpla con los m\u00e1s altos est\u00e1ndares de calidad.<\/p>\n\n\n\n<p>Esta autopista representa una ruta hacia el desarrollo para San Luis Potos\u00ed al potenciar el crecimiento econ\u00f3mico y mejorar la movilidad de miles de personas.<\/p>\n","protected":false},"excerpt":{"rendered":"<p>El proyecto contempla una longitud proyectada de 118 kil\u00f3metros y dise\u00f1o tipo A4, a cuatro carriles.<\/p>\n","protected":false},"author":4,"featured_media":37450,"comment_status":"closed","ping_status":"closed","sticky":false,"template":"","format":"standard","meta":{"_et_pb_use_builder":"off","_et_pb_old_content":"","_et_gb_content_width":"","footnotes":""},"categories":[412,280],"tags":[72,276,66],"class_list":["post-37449","post","type-post","status-publish","format-standard","has-post-thumbnail","hentry","category-destacado","category-gob-slp","tag-gobierno-del-estado","tag-jec","tag-san-luis-potosi"],"_links":{"self":[{"href":"https:\/\/gerardoduque.com.mx\/index.php?rest_route=\/wp\/v2\/posts\/37449","targetHints":{"allow":["GET"]}}],"collection":[{"href":"https:\/\/gerardoduque.com.mx\/index.php?rest_route=\/wp\/v2\/posts"}],"about":[{"href":"https:\/\/gerardoduque.com.mx\/index.php?rest_route=\/wp\/v2\/types\/post"}],"author":[{"embeddable":true,"href":"https:\/\/gerardoduque.com.mx\/index.php?rest_route=\/wp\/v2\/users\/4"}],"replies":[{"embeddable":true,"href":"https:\/\/gerardoduque.com.mx\/index.php?rest_route=%2Fwp%2Fv2%2Fcomments&post=37449"}],"version-history":[{"count":0,"href":"https:\/\/gerardoduque.com.mx\/index.php?rest_route=\/wp\/v2\/posts\/37449\/revisions"}],"wp:featuredmedia":[{"embeddable":true,"href":"https:\/\/gerardoduque.com.mx\/index.php?rest_route=\/wp\/v2\/media\/37450"}],"wp:attachment":[{"href":"https:\/\/gerardoduque.com.mx\/index.php?rest_route=%2Fwp%2Fv2%2Fmedia&parent=37449"}],"wp:term":[{"taxonomy":"category","embeddable":true,"href":"https:\/\/gerardoduque.com.mx\/index.php?rest_route=%2Fwp%2Fv2%2Fcategories&post=37449"},{"taxonomy":"post_tag","embeddable":true,"href":"https:\/\/gerardoduque.com.mx\/index.php?rest_route=%2Fwp%2Fv2%2Ftags&post=37449"}],"curies":[{"name":"wp","href":"https:\/\/api.w.org\/{rel}","templated":true}]}}