{"id":37428,"date":"2025-06-15T10:35:01","date_gmt":"2025-06-15T16:35:01","guid":{"rendered":"https:\/\/gerardoduque.com.mx\/?p=37428"},"modified":"2025-06-15T10:35:10","modified_gmt":"2025-06-15T16:35:10","slug":"ciudad-valles-recibira-equipo-para-emitir-curp-biometrica","status":"publish","type":"post","link":"https:\/\/gerardoduque.com.mx\/?p=37428","title":{"rendered":"CIUDAD VALLES RECIBIR\u00c1 EQUIPO PARA EMITIR CURP BIOM\u00c9TRICA"},"content":{"rendered":"\n<p>La Direcci\u00f3n del Registro Civil del estado lleva a cabo la actualizaci\u00f3n de sus instalaciones y equipos con los que ahora se podr\u00e1 emitir la CURP biom\u00e9trica, un nuevo formato que formar\u00e1 parte de la Plataforma \u00danica de Identidad.<\/p>\n\n\n\n<p>Esta plataforma integra un sistema nacional para validar informaci\u00f3n personal en tiempo real y concentrar\u00e1 datos oficiales de los mexicanos a fin de mejorar los procesos administrativos ya que adem\u00e1s de contar con datos como nombre completo, lugar y fecha de nacimiento tambi\u00e9n contendr\u00e1 la fotograf\u00eda digital y las huellas dactilares.<\/p>\n\n\n\n<p>Se precis\u00f3 que los equipos biom\u00e9tricos ya se encuentran instalados en la direcci\u00f3n del Registro Civil que se localiza en esta capital adem\u00e1s de la oficina de Enlace en el municipio de Charcas y pr\u00f3ximamente se instalar\u00e1 en Ciudad Valles.<\/p>\n","protected":false},"excerpt":{"rendered":"<p>A trav\u00e9s de la Direcci\u00f3n del Registro Civil, se lleva a cabo este proceso gradual para la modernizaci\u00f3n de este tr\u00e1mite.<\/p>\n","protected":false},"author":4,"featured_media":37429,"comment_status":"closed","ping_status":"closed","sticky":false,"template":"","format":"standard","meta":{"_et_pb_use_builder":"off","_et_pb_old_content":"","_et_gb_content_width":"","footnotes":""},"categories":[412,280],"tags":[72,400,66,394],"class_list":["post-37428","post","type-post","status-publish","format-standard","has-post-thumbnail","hentry","category-destacado","category-gob-slp","tag-gobierno-del-estado","tag-registro-civil","tag-san-luis-potosi","tag-sgg"],"_links":{"self":[{"href":"https:\/\/gerardoduque.com.mx\/index.php?rest_route=\/wp\/v2\/posts\/37428","targetHints":{"allow":["GET"]}}],"collection":[{"href":"https:\/\/gerardoduque.com.mx\/index.php?rest_route=\/wp\/v2\/posts"}],"about":[{"href":"https:\/\/gerardoduque.com.mx\/index.php?rest_route=\/wp\/v2\/types\/post"}],"author":[{"embeddable":true,"href":"https:\/\/gerardoduque.com.mx\/index.php?rest_route=\/wp\/v2\/users\/4"}],"replies":[{"embeddable":true,"href":"https:\/\/gerardoduque.com.mx\/index.php?rest_route=%2Fwp%2Fv2%2Fcomments&post=37428"}],"version-history":[{"count":0,"href":"https:\/\/gerardoduque.com.mx\/index.php?rest_route=\/wp\/v2\/posts\/37428\/revisions"}],"wp:featuredmedia":[{"embeddable":true,"href":"https:\/\/gerardoduque.com.mx\/index.php?rest_route=\/wp\/v2\/media\/37429"}],"wp:attachment":[{"href":"https:\/\/gerardoduque.com.mx\/index.php?rest_route=%2Fwp%2Fv2%2Fmedia&parent=37428"}],"wp:term":[{"taxonomy":"category","embeddable":true,"href":"https:\/\/gerardoduque.com.mx\/index.php?rest_route=%2Fwp%2Fv2%2Fcategories&post=37428"},{"taxonomy":"post_tag","embeddable":true,"href":"https:\/\/gerardoduque.com.mx\/index.php?rest_route=%2Fwp%2Fv2%2Ftags&post=37428"}],"curies":[{"name":"wp","href":"https:\/\/api.w.org\/{rel}","templated":true}]}}