{"id":37425,"date":"2025-06-14T19:25:17","date_gmt":"2025-06-15T01:25:17","guid":{"rendered":"https:\/\/gerardoduque.com.mx\/?p=37425"},"modified":"2025-06-14T19:25:24","modified_gmt":"2025-06-15T01:25:24","slug":"cien-familias-regresan-a-vivir-a-mexico-el-miercoles-vienen-paisanos-oriundos-de-slp","status":"publish","type":"post","link":"https:\/\/gerardoduque.com.mx\/?p=37425","title":{"rendered":"CIEN FAMILIAS REGRESAN A VIVIR A M\u00c9XICO EL MI\u00c9RCOLES; VIENEN PAISANOS ORIUNDOS DE SLP"},"content":{"rendered":"\n<p>A las tres horas del pr\u00f3ximo mi\u00e9rcoles 18 de junio, decenas de camionetas con familias de paisanos a bordo atravesar\u00e1n el Puente Ju\u00e1rez Lincoln, de Estados Unidos hacia Nuevo Laredo (Tamaulipas).<\/p>\n\n\n\n<p>Luego, recorrer\u00e1n cientos de kil\u00f3metros hasta llegar a los lugares de donde son oriundos.<\/p>\n\n\n\n<p><strong><em>\u201cYo considero que son m\u00e1s de cien veh\u00edculos que vienen con familias completas\u2026 estos cien que te digo son que ya vienen a radicar totalmente en M\u00e9xico, principalmente Jalpan (Quer\u00e9taro), la zona de Rioverde (San Luis Potos\u00ed), en la zona circundante\u2026 tambi\u00e9n vienen bastantes de Guanajuato, algunos de Zacatecas y un grupo especial que viene de Michoac\u00e1n\u201d, <\/em><\/strong>dijo en entrevista, Gloria Guadalupe Olvera Montes, representante del Cap\u00edtulo San Luis Potos\u00ed de \u201cAgenda Migrante\u201d.<\/p>\n\n\n\n<p><strong><em>\u201cQuiero decirte que muchos est\u00e1n haciendo el tr\u00e1mite ante el Consulado, de lo que se llama \u00b4menaje de casa\u00b4\u2026 o sea, que vienen, pero con su lavadora, con todos los implementos de su hogar, porque ya vienen a radicar a M\u00e9xico, ya que (en EUA) tienen miedo de salir a sus trabajos, de salir a surtir su comida, de mandar a los ni\u00f1os a la escuela, entonces ya para ellos es un estr\u00e9s insoportable\u2026\u201d<\/em><\/strong><\/p>\n\n\n\n<p>El total de los veh\u00edculos que se integrar\u00e1n a la caravana superar\u00e1 los doscientos, pero la mitad de ellos (cien) ya no volver\u00e1n a los Estados Unidos. El resto de las familias pasar\u00e1n unas semanas de vacaciones en M\u00e9xico, y luego regresar\u00e1n -como cada a\u00f1o- a la Uni\u00f3n Americana.<\/p>\n\n\n\n<p>Gloria Guadalupe Olvera y otros activistas por los de derechos de los migrantes acudir\u00e1n a la frontera a recibir personalmente a los paisanos el pr\u00f3ximo martes durante la madrugada.<\/p>\n\n\n\n<p><strong><em>\u201cF\u00edjate\u2026 vienen huyendo de c\u00f3mo los tratan all\u00e1, y llegando aqu\u00ed los polic\u00edas los extorsionan, m\u00e1s en el punto de San Roberto, adelante de Matehuala\u2026 hay reportes de que los extorsionan, les bajan sus mercanc\u00edas, les quitan inclusive alimentos que traen para el trayecto, entonces es muy lamentable\u2026\u201d, <\/em><\/strong>se\u00f1al\u00f3 Gloria Guadalupe Olvera, quien a\u00f1o tras a\u00f1o acompa\u00f1a a los paisanos en una traves\u00eda por el norte y centro de M\u00e9xico. Tiempo atr\u00e1s ella tambi\u00e9n migr\u00f3 a Estados Unidos, donde trabaj\u00f3 durante varios a\u00f1os.<\/p>\n\n\n\n<p><strong><em>\u201cLos \u00fanicos que nos defendemos son migrante y migrante\u2026 t\u00fa sabes que tenemos el par\u00e1metro de que, si paran a uno pues nos paramos todos\u2026\u201d, <\/em><\/strong>enfatiz\u00f3 la representante del Cap\u00edtulo San Luis Potos\u00ed de \u201cAgenda Migrante\u201d.<\/p>\n","protected":false},"excerpt":{"rendered":"<p>Deciden abandonar Estados Unidos a causa de la persecuci\u00f3n antiinmigrante<\/p>\n","protected":false},"author":4,"featured_media":37426,"comment_status":"closed","ping_status":"closed","sticky":false,"template":"","format":"standard","meta":{"_et_pb_use_builder":"off","_et_pb_old_content":"","_et_gb_content_width":"","footnotes":""},"categories":[412,62],"tags":[],"class_list":["post-37425","post","type-post","status-publish","format-standard","has-post-thumbnail","hentry","category-destacado","category-redaccion"],"_links":{"self":[{"href":"https:\/\/gerardoduque.com.mx\/index.php?rest_route=\/wp\/v2\/posts\/37425","targetHints":{"allow":["GET"]}}],"collection":[{"href":"https:\/\/gerardoduque.com.mx\/index.php?rest_route=\/wp\/v2\/posts"}],"about":[{"href":"https:\/\/gerardoduque.com.mx\/index.php?rest_route=\/wp\/v2\/types\/post"}],"author":[{"embeddable":true,"href":"https:\/\/gerardoduque.com.mx\/index.php?rest_route=\/wp\/v2\/users\/4"}],"replies":[{"embeddable":true,"href":"https:\/\/gerardoduque.com.mx\/index.php?rest_route=%2Fwp%2Fv2%2Fcomments&post=37425"}],"version-history":[{"count":0,"href":"https:\/\/gerardoduque.com.mx\/index.php?rest_route=\/wp\/v2\/posts\/37425\/revisions"}],"wp:featuredmedia":[{"embeddable":true,"href":"https:\/\/gerardoduque.com.mx\/index.php?rest_route=\/wp\/v2\/media\/37426"}],"wp:attachment":[{"href":"https:\/\/gerardoduque.com.mx\/index.php?rest_route=%2Fwp%2Fv2%2Fmedia&parent=37425"}],"wp:term":[{"taxonomy":"category","embeddable":true,"href":"https:\/\/gerardoduque.com.mx\/index.php?rest_route=%2Fwp%2Fv2%2Fcategories&post=37425"},{"taxonomy":"post_tag","embeddable":true,"href":"https:\/\/gerardoduque.com.mx\/index.php?rest_route=%2Fwp%2Fv2%2Ftags&post=37425"}],"curies":[{"name":"wp","href":"https:\/\/api.w.org\/{rel}","templated":true}]}}