{"id":37416,"date":"2025-06-14T16:22:27","date_gmt":"2025-06-14T22:22:27","guid":{"rendered":"https:\/\/gerardoduque.com.mx\/?p=37416"},"modified":"2025-06-14T16:22:35","modified_gmt":"2025-06-14T22:22:35","slug":"exigen-destitucion-inmediata-de-la-presidenta-de-la-cedh-en-slp","status":"publish","type":"post","link":"https:\/\/gerardoduque.com.mx\/?p=37416","title":{"rendered":"EXIGEN DESTITUCI\u00d3N INMEDIATA DE LA PRESIDENTA DE LA CEDH EN SLP"},"content":{"rendered":"\n<p>Este s\u00e1bado fue \u201cintervenido\u201d el edificio sede de la Comisi\u00f3n Estatal de los Derechos Humanos en San Luis Potos\u00ed.<\/p>\n\n\n\n<p>V\u00edctimas del Estado y familiares de personas desaparecidas denuncian que hay \u201cinactividad e insensibilidad\u00bb por parte de la presidenta de la Comisi\u00f3n y de un sinn\u00famero de servidores p\u00fablicos.<\/p>\n\n\n\n<p>Advierten que, desde las instituciones, la revictimizaci\u00f3n se est\u00e1 sistematizando.<\/p>\n\n\n\n<p>Tras marchar por calles de Centro Hist\u00f3rico, decenas de integrantes del colectivo \u201cVoz y Dignidad por los Nuestros\u201d hicieron p\u00fablico un \u201cInforme Sombra\u201d: un documento que revela la situaci\u00f3n de las desapariciones en la entidad potosina desde 2018 hasta la fecha.<\/p>\n\n\n\n<p>El informe fue le\u00eddo en voz alta cuando el contingente arrib\u00f3 al exterior de la sede de la CEDH<\/p>\n\n\n\n<p>Durante la protesta, v\u00edctimas de las instituciones y familiares de personas desaparecidas colgaron pancartas y bordados en las paredes del edificio de la CEDH. &nbsp;<\/p>\n\n\n\n<p>Tambi\u00e9n procedieron con lo que denominaron \u201cintervenciones\u201d. Sobre la banqueta, la calle y las bardas de la CEDH pintaron los nombres y siluetas de las v\u00edctimas.<\/p>\n\n\n\n<p>Edith P\u00e9rez Rodr\u00edguez, quien busca a sus dos hijos y tres familiares m\u00e1s, record\u00f3 que el pasado 10 de mayo integrantes del colectivo \u201cVoz y Dignidad\u201d pegaron fichas de b\u00fasqueda en las paredes del edificio de la Comisi\u00f3n Estatal de los Derechos Humanos.<\/p>\n\n\n\n<p><strong>\u201cFuimos violentados tremendamente por ellos, por haber retirado nuestras fichas, entonces nos la retiran el 10 de mayo de los muros de la Comisi\u00f3n Estatal de Derechos Humanos\u2026 nadie se acerc\u00f3, nadie dijo lo sentimos, y sacaron una disculpa p\u00fablica, que m\u00e1s bien fue una excusa de la presidenta de decir que s\u00ed se hab\u00eda acercado con nosotros, pero claro que nunca fue\u201d<\/strong><\/p>\n\n\n\n<p>Edith P\u00e9rez Rodr\u00edguez reafirm\u00f3 que: <strong>\u201cSe ha hecho hincapi\u00e9 en la poca o nula acci\u00f3n de la Comisi\u00f3n Estatal de Derechos Humanos, en cuanto a la violencia que sufrimos los potosinos\u201d.<\/strong><\/p>\n\n\n\n<p><strong>\u201cVamos a mostrarles a todos los funcionarios de la Comisi\u00f3n Estatal de Derechos Humanos que no van nada m\u00e1s a cobrar una quincena\u2026 les vamos a ense\u00f1ar que las personas que quieran estar ah\u00ed trabajando, tienen que hacer una labor en bien de los potosinos\u2026 nos obligan a manifestarnos en este lugar en donde sabemos que no vamos a obtener nada\u201d<\/strong><\/p>\n\n\n\n<p>Voz y Dignidad por los Nuestros reiter\u00f3 la exigencia para el Congreso del Estado destituya a la brevedad a Giovanna&nbsp;Arg\u00fcelles&nbsp;Moreno, actual presidenta de la CEDH<\/p>\n","protected":false},"excerpt":{"rendered":"<p>Advierten que, desde las instituciones, la revictimizaci\u00f3n se est\u00e1 sistematizando  <\/p>\n","protected":false},"author":4,"featured_media":37417,"comment_status":"closed","ping_status":"closed","sticky":false,"template":"","format":"standard","meta":{"_et_pb_use_builder":"off","_et_pb_old_content":"","_et_gb_content_width":"","footnotes":""},"categories":[412,62],"tags":[],"class_list":["post-37416","post","type-post","status-publish","format-standard","has-post-thumbnail","hentry","category-destacado","category-redaccion"],"_links":{"self":[{"href":"https:\/\/gerardoduque.com.mx\/index.php?rest_route=\/wp\/v2\/posts\/37416","targetHints":{"allow":["GET"]}}],"collection":[{"href":"https:\/\/gerardoduque.com.mx\/index.php?rest_route=\/wp\/v2\/posts"}],"about":[{"href":"https:\/\/gerardoduque.com.mx\/index.php?rest_route=\/wp\/v2\/types\/post"}],"author":[{"embeddable":true,"href":"https:\/\/gerardoduque.com.mx\/index.php?rest_route=\/wp\/v2\/users\/4"}],"replies":[{"embeddable":true,"href":"https:\/\/gerardoduque.com.mx\/index.php?rest_route=%2Fwp%2Fv2%2Fcomments&post=37416"}],"version-history":[{"count":0,"href":"https:\/\/gerardoduque.com.mx\/index.php?rest_route=\/wp\/v2\/posts\/37416\/revisions"}],"wp:featuredmedia":[{"embeddable":true,"href":"https:\/\/gerardoduque.com.mx\/index.php?rest_route=\/wp\/v2\/media\/37417"}],"wp:attachment":[{"href":"https:\/\/gerardoduque.com.mx\/index.php?rest_route=%2Fwp%2Fv2%2Fmedia&parent=37416"}],"wp:term":[{"taxonomy":"category","embeddable":true,"href":"https:\/\/gerardoduque.com.mx\/index.php?rest_route=%2Fwp%2Fv2%2Fcategories&post=37416"},{"taxonomy":"post_tag","embeddable":true,"href":"https:\/\/gerardoduque.com.mx\/index.php?rest_route=%2Fwp%2Fv2%2Ftags&post=37416"}],"curies":[{"name":"wp","href":"https:\/\/api.w.org\/{rel}","templated":true}]}}