{"id":37326,"date":"2025-06-11T10:02:46","date_gmt":"2025-06-11T16:02:46","guid":{"rendered":"https:\/\/gerardoduque.com.mx\/?p=37326"},"modified":"2025-06-11T10:02:52","modified_gmt":"2025-06-11T16:02:52","slug":"se-reduce-jornada-escolar-en-slp-por-altas-temperaturas","status":"publish","type":"post","link":"https:\/\/gerardoduque.com.mx\/?p=37326","title":{"rendered":"SE REDUCE JORNADA ESCOLAR EN SLP POR ALTAS TEMPERATURAS"},"content":{"rendered":"\n<p>Ante las altas temperaturas que contin\u00faan registr\u00e1ndose en las cuatro regiones de San Luis Potos\u00ed, el Gobierno del Estado autoriz\u00f3 la reducci\u00f3n de la jornada escolar en los distintos niveles de educaci\u00f3n b\u00e1sica, esto con el objetivo de garantizar el bien superior de la ni\u00f1ez potosina.<\/p>\n\n\n\n<p>El titular de la Secretar\u00eda de Educaci\u00f3n de Gobierno del Estado detall\u00f3 que, esta medida preventiva por las altas temperaturas permitir\u00e1 la salida una hora antes en el turno matutino y la entrada una hora m\u00e1s tarde en el vespertino. Se aplicar\u00e1 desde el 11 de junio hasta la conclusi\u00f3n del ciclo escolar.<\/p>\n\n\n\n<p>Finalmente se expres\u00f3 que los cambios fueron acordados en coordinaci\u00f3n con la Coordinaci\u00f3n Estatal de Protecci\u00f3n Civil y la Secretar\u00eda de Salud, acuerdos sustentados bajo el art\u00edculo 114 de la Ley General de Educaci\u00f3n emanada del Senado, y que se encuentra vigente en la Rep\u00fablica Mexicana, donde se\u00f1ala que es facultad de los estados, poder hacer modificaciones a horarios y a los calendarios escolares, de acuerdo a sus necesidades y contextos<\/p>\n","protected":false},"excerpt":{"rendered":"<p>La Secretar\u00eda de Educaci\u00f3n de Gobierno del Estado inform\u00f3 que la medida se aplicar\u00e1 desde el 11 de junio hasta la conclusi\u00f3n del ciclo escolar.<\/p>\n","protected":false},"author":4,"featured_media":37327,"comment_status":"closed","ping_status":"closed","sticky":false,"template":"","format":"standard","meta":{"_et_pb_use_builder":"off","_et_pb_old_content":"","_et_gb_content_width":"","footnotes":""},"categories":[412,280],"tags":[72,66,196],"class_list":["post-37326","post","type-post","status-publish","format-standard","has-post-thumbnail","hentry","category-destacado","category-gob-slp","tag-gobierno-del-estado","tag-san-luis-potosi","tag-sege"],"_links":{"self":[{"href":"https:\/\/gerardoduque.com.mx\/index.php?rest_route=\/wp\/v2\/posts\/37326","targetHints":{"allow":["GET"]}}],"collection":[{"href":"https:\/\/gerardoduque.com.mx\/index.php?rest_route=\/wp\/v2\/posts"}],"about":[{"href":"https:\/\/gerardoduque.com.mx\/index.php?rest_route=\/wp\/v2\/types\/post"}],"author":[{"embeddable":true,"href":"https:\/\/gerardoduque.com.mx\/index.php?rest_route=\/wp\/v2\/users\/4"}],"replies":[{"embeddable":true,"href":"https:\/\/gerardoduque.com.mx\/index.php?rest_route=%2Fwp%2Fv2%2Fcomments&post=37326"}],"version-history":[{"count":0,"href":"https:\/\/gerardoduque.com.mx\/index.php?rest_route=\/wp\/v2\/posts\/37326\/revisions"}],"wp:featuredmedia":[{"embeddable":true,"href":"https:\/\/gerardoduque.com.mx\/index.php?rest_route=\/wp\/v2\/media\/37327"}],"wp:attachment":[{"href":"https:\/\/gerardoduque.com.mx\/index.php?rest_route=%2Fwp%2Fv2%2Fmedia&parent=37326"}],"wp:term":[{"taxonomy":"category","embeddable":true,"href":"https:\/\/gerardoduque.com.mx\/index.php?rest_route=%2Fwp%2Fv2%2Fcategories&post=37326"},{"taxonomy":"post_tag","embeddable":true,"href":"https:\/\/gerardoduque.com.mx\/index.php?rest_route=%2Fwp%2Fv2%2Ftags&post=37326"}],"curies":[{"name":"wp","href":"https:\/\/api.w.org\/{rel}","templated":true}]}}