{"id":37323,"date":"2025-06-11T09:24:35","date_gmt":"2025-06-11T15:24:35","guid":{"rendered":"https:\/\/gerardoduque.com.mx\/?p=37323"},"modified":"2025-06-11T09:24:42","modified_gmt":"2025-06-11T15:24:42","slug":"emiten-recomendaciones-ante-lluvias-en-el-altiplano","status":"publish","type":"post","link":"https:\/\/gerardoduque.com.mx\/?p=37323","title":{"rendered":"EMITEN RECOMENDACIONES ANTE LLUVIAS EN EL ALTIPLANO"},"content":{"rendered":"\n<p>La Coordinaci\u00f3n Estatal de Protecci\u00f3n Civil alert\u00f3 sobre el ingreso de humedad en territorio potosino a causa de las tormentas tropicales \u201cB\u00e1rbara\u201d y \u201cCosme\u201d, formadas este fin de semana en el Pac\u00edfico. Con base en el pron\u00f3stico del Servicio Meteorol\u00f3gico Nacional, se prev\u00e9 que \u201cB\u00e1rbara\u201d evolucione a hurac\u00e1n en las pr\u00f3ximas horas, lo que, en combinaci\u00f3n con una vaguada en altura y condiciones de inestabilidad atmosf\u00e9rica, incrementar\u00e1 la probabilidad de lluvias fuertes a muy fuertes, especialmente en municipios colindantes con Zacatecas.<\/p>\n\n\n\n<p>La dependencia exhort\u00f3 a los ayuntamientos del Altiplano a reforzar las medidas preventivas ante posibles afectaciones como bajadas de agua, acumulaci\u00f3n en zonas bajas, fallas el\u00e9ctricas, ca\u00edda de granizo y r\u00e1fagas de viento. Adem\u00e1s, a\u00f1adi\u00f3 que se trabaja para salvaguardar la integridad de las y los potosinos, priorizando la seguridad ante fen\u00f3menos naturales con acciones anticipadas y coordinaci\u00f3n permanente.<\/p>\n","protected":false},"excerpt":{"rendered":"<p>Se realizan acciones preventivas ante la presencia de tormentas tropicales en el Pac\u00edfico<\/p>\n","protected":false},"author":4,"featured_media":37324,"comment_status":"closed","ping_status":"closed","sticky":false,"template":"","format":"standard","meta":{"_et_pb_use_builder":"off","_et_pb_old_content":"","_et_gb_content_width":"","footnotes":""},"categories":[412,280],"tags":[190,72,66],"class_list":["post-37323","post","type-post","status-publish","format-standard","has-post-thumbnail","hentry","category-destacado","category-gob-slp","tag-cepc","tag-gobierno-del-estado","tag-san-luis-potosi"],"_links":{"self":[{"href":"https:\/\/gerardoduque.com.mx\/index.php?rest_route=\/wp\/v2\/posts\/37323","targetHints":{"allow":["GET"]}}],"collection":[{"href":"https:\/\/gerardoduque.com.mx\/index.php?rest_route=\/wp\/v2\/posts"}],"about":[{"href":"https:\/\/gerardoduque.com.mx\/index.php?rest_route=\/wp\/v2\/types\/post"}],"author":[{"embeddable":true,"href":"https:\/\/gerardoduque.com.mx\/index.php?rest_route=\/wp\/v2\/users\/4"}],"replies":[{"embeddable":true,"href":"https:\/\/gerardoduque.com.mx\/index.php?rest_route=%2Fwp%2Fv2%2Fcomments&post=37323"}],"version-history":[{"count":0,"href":"https:\/\/gerardoduque.com.mx\/index.php?rest_route=\/wp\/v2\/posts\/37323\/revisions"}],"wp:featuredmedia":[{"embeddable":true,"href":"https:\/\/gerardoduque.com.mx\/index.php?rest_route=\/wp\/v2\/media\/37324"}],"wp:attachment":[{"href":"https:\/\/gerardoduque.com.mx\/index.php?rest_route=%2Fwp%2Fv2%2Fmedia&parent=37323"}],"wp:term":[{"taxonomy":"category","embeddable":true,"href":"https:\/\/gerardoduque.com.mx\/index.php?rest_route=%2Fwp%2Fv2%2Fcategories&post=37323"},{"taxonomy":"post_tag","embeddable":true,"href":"https:\/\/gerardoduque.com.mx\/index.php?rest_route=%2Fwp%2Fv2%2Ftags&post=37323"}],"curies":[{"name":"wp","href":"https:\/\/api.w.org\/{rel}","templated":true}]}}