{"id":37297,"date":"2025-06-09T19:25:40","date_gmt":"2025-06-10T01:25:40","guid":{"rendered":"https:\/\/gerardoduque.com.mx\/?p=37297"},"modified":"2025-06-09T19:25:47","modified_gmt":"2025-06-10T01:25:47","slug":"pc-estatal-retiro-arbol-caido-en-primaria-tras-denuncias-de-padres-de-familia","status":"publish","type":"post","link":"https:\/\/gerardoduque.com.mx\/?p=37297","title":{"rendered":"PC ESTATAL RETIR\u00d3 \u00c1RBOL CA\u00cdDO EN PRIMARIA TRAS DENUNCIAS DE PADRES DE FAMILIA"},"content":{"rendered":"\n<p>La ma\u00f1ana de este lunes, varios veh\u00edculos y personal <a><\/a>especializado de Protecci\u00f3n Civil Estatal y de CFE acudieron a la Escuela Primaria Cuauht\u00e9moc -ubicada en el fraccionamiento San Leonel- en la capital potosina.<\/p>\n\n\n\n<p>Durante varios d\u00edas, padres de familia que tienen a sus hijos estudiando en ese plantel denunciaron la absoluta desatenci\u00f3n por parte de las autoridades municipales y estatales.<\/p>\n\n\n\n<p>Por una situaci\u00f3n sumamente burda, los ni\u00f1os de la instituci\u00f3n no podr\u00edan continuar con sus actividades acad\u00e9micas y culminar el ciclo escolar.<\/p>\n\n\n\n<p>Ni el ayuntamiento capitalino ni el gobierno del estado quer\u00edan hacerse responsables para retirar un \u00e1rbol que cay\u00f3, y que significaba un peligro inminente para la integridad de los alumnos y trabajadores del plantel.<\/p>\n\n\n\n<p>Debido a las fuertes lluvias que se presentaron la semana pasada en la zona metropolitana de la capital potosina, un \u00e1rbol de grandes dimensiones cay\u00f3 en la mencionada primaria.<\/p>\n\n\n\n<p>Estuvo varios d\u00edas sostenido s\u00f3lo por la barda perimetral de la instituci\u00f3n; la barda ya estaba tambi\u00e9n a punto de colapsar.<\/p>\n\n\n\n<p>El peligro era a\u00fan mayor debido a que estaban comprometidas varias l\u00edneas de cables, entre ellas de luz.<\/p>\n\n\n\n<p>Desde un principio se solicit\u00f3 ayuda a Protecci\u00f3n Civil Municipal, quienes apenas respondieron que ellos \u201cno pod\u00edan hacer absolutamente nada, ya que el \u00e1rbol est\u00e1 dentro de una escuela y eso le corresponde al Gobierno Estatal a trav\u00e9s de la SEGE\u201d.<\/p>\n\n\n\n<p>Por su parte, la SEGE contest\u00f3 que \u201cno pueden hacer nada ya que no cuentan con personal adecuado y capacitado para retirar el \u00e1rbol, y que se tendr\u00eda que contratar un servicio particular, pero no tienen recursos econ\u00f3micos para ese rubro\u201d, por lo que sugieren que sean los mismos padres de familia los que quiten el \u00e1rbol o contraten el servicio profesional.<\/p>\n\n\n\n<p>Los ni\u00f1os est\u00e1n a unos cuantos d\u00edas de culminar su a\u00f1o escolar y en periodo de ex\u00e1menes finales.<\/p>\n\n\n\n<p>Los padres indignados rechazaron la postura del alcalde Enrique Galindo y del secretario de educaci\u00f3n Juan Carlos Torres.<\/p>\n\n\n\n<p>Los padres de familia, molestos, se\u00f1alaron que tanto el gobierno estatal como el Ayuntamiento derrochan dinero a manos llenas para fiestas y eventos musicales, y era absurdo que no pudieran brindar soluci\u00f3n a una petici\u00f3n de esa naturaleza.<\/p>\n\n\n\n<p>Finalmente, gracias al seguimiento de este caso a trav\u00e9s de algunas plataformas de comunicaci\u00f3n, este lunes las autoridades comenzaron a retirar el \u00e1rbol.<\/p>\n","protected":false},"excerpt":{"rendered":"<p>En la capital potosina <\/p>\n","protected":false},"author":4,"featured_media":37298,"comment_status":"closed","ping_status":"closed","sticky":false,"template":"","format":"standard","meta":{"_et_pb_use_builder":"off","_et_pb_old_content":"","_et_gb_content_width":"","footnotes":""},"categories":[412,62],"tags":[],"class_list":["post-37297","post","type-post","status-publish","format-standard","has-post-thumbnail","hentry","category-destacado","category-redaccion"],"_links":{"self":[{"href":"https:\/\/gerardoduque.com.mx\/index.php?rest_route=\/wp\/v2\/posts\/37297","targetHints":{"allow":["GET"]}}],"collection":[{"href":"https:\/\/gerardoduque.com.mx\/index.php?rest_route=\/wp\/v2\/posts"}],"about":[{"href":"https:\/\/gerardoduque.com.mx\/index.php?rest_route=\/wp\/v2\/types\/post"}],"author":[{"embeddable":true,"href":"https:\/\/gerardoduque.com.mx\/index.php?rest_route=\/wp\/v2\/users\/4"}],"replies":[{"embeddable":true,"href":"https:\/\/gerardoduque.com.mx\/index.php?rest_route=%2Fwp%2Fv2%2Fcomments&post=37297"}],"version-history":[{"count":0,"href":"https:\/\/gerardoduque.com.mx\/index.php?rest_route=\/wp\/v2\/posts\/37297\/revisions"}],"wp:featuredmedia":[{"embeddable":true,"href":"https:\/\/gerardoduque.com.mx\/index.php?rest_route=\/wp\/v2\/media\/37298"}],"wp:attachment":[{"href":"https:\/\/gerardoduque.com.mx\/index.php?rest_route=%2Fwp%2Fv2%2Fmedia&parent=37297"}],"wp:term":[{"taxonomy":"category","embeddable":true,"href":"https:\/\/gerardoduque.com.mx\/index.php?rest_route=%2Fwp%2Fv2%2Fcategories&post=37297"},{"taxonomy":"post_tag","embeddable":true,"href":"https:\/\/gerardoduque.com.mx\/index.php?rest_route=%2Fwp%2Fv2%2Ftags&post=37297"}],"curies":[{"name":"wp","href":"https:\/\/api.w.org\/{rel}","templated":true}]}}