{"id":37292,"date":"2025-06-09T15:19:57","date_gmt":"2025-06-09T21:19:57","guid":{"rendered":"https:\/\/gerardoduque.com.mx\/?p=37292"},"modified":"2025-06-09T15:20:07","modified_gmt":"2025-06-09T21:20:07","slug":"entregan-reconocimientos-al-premio-estatal-del-periodismo","status":"publish","type":"post","link":"https:\/\/gerardoduque.com.mx\/?p=37292","title":{"rendered":"ENTREGAN RECONOCIMIENTOS AL PREMIO ESTATAL DEL PERIODISMO"},"content":{"rendered":"\n<p>Este lunes, en la capital del Estado, se llev\u00f3 a cabo la entrega del Premio Estatal de Periodismo 2025, evento que busca dar reconocimiento a reporteros y fotoperiodistas de las cuatro regiones y que en esta edici\u00f3n se realiz\u00f3 el incremento logrado en esta edici\u00f3n con premios para primero, segundo y tercer lugar, adem\u00e1s de nuevas categor\u00edas de Ciencia y Tecnolog\u00eda y G\u00e9nero.<\/p>\n\n\n\n<p>En medio de un evento que concentr\u00f3 a los galardonados, as\u00ed como amistades y familiares, se expres\u00f3 que este trabajo no solo fortalece la democracia, sino que alimenta la conciencia ciudadana y construye un presente m\u00e1s justo y participativo, por lo que se ofreci\u00f3 apoyo para que ejerzan su oficio con seguridad, libertad y dignidad.<\/p>\n\n\n\n<p>El gobernador Ricardo Gallardo Cardona destac\u00f3 que la libertad de prensa es pilar de la justicia social y record\u00f3 que, en coordinaci\u00f3n con el Congreso local, opera el Mecanismo Estatal de Protecci\u00f3n a Personas Defensoras de Derechos Humanos y Periodistas, que es garant\u00eda para salvaguardar la integridad de quienes se dedican a esta labor, manteniendo una correcta comunicaci\u00f3n, atenci\u00f3n oportuna e \u00edntegra con las autoridades competentes.<\/p>\n\n\n\n<p>Al recibir el M\u00e9rito Period\u00edstico 2025, Aurelio Ventura Florencio con una larga trayectoria en la labor period\u00edstica de m\u00e1s de 56 a\u00f1os, agradeci\u00f3 salir de nuevo a la luz y record\u00f3 que el periodismo le ha dado \u201camigos, lecciones y las oportunidades de ser \u00fatil a la sociedad\u201d.<\/p>\n","protected":false},"excerpt":{"rendered":"<p>El Gobernador del Estado entreg\u00f3 el Premio Estatal de Periodismo 2025, donde reiter\u00f3 su respaldo a la libertad de expresi\u00f3n y su reconocimiento a su labor diaria. <\/p>\n","protected":false},"author":4,"featured_media":37293,"comment_status":"closed","ping_status":"closed","sticky":false,"template":"","format":"standard","meta":{"_et_pb_use_builder":"off","_et_pb_old_content":"","_et_gb_content_width":"","footnotes":""},"categories":[412,280],"tags":[72,66],"class_list":["post-37292","post","type-post","status-publish","format-standard","has-post-thumbnail","hentry","category-destacado","category-gob-slp","tag-gobierno-del-estado","tag-san-luis-potosi"],"_links":{"self":[{"href":"https:\/\/gerardoduque.com.mx\/index.php?rest_route=\/wp\/v2\/posts\/37292","targetHints":{"allow":["GET"]}}],"collection":[{"href":"https:\/\/gerardoduque.com.mx\/index.php?rest_route=\/wp\/v2\/posts"}],"about":[{"href":"https:\/\/gerardoduque.com.mx\/index.php?rest_route=\/wp\/v2\/types\/post"}],"author":[{"embeddable":true,"href":"https:\/\/gerardoduque.com.mx\/index.php?rest_route=\/wp\/v2\/users\/4"}],"replies":[{"embeddable":true,"href":"https:\/\/gerardoduque.com.mx\/index.php?rest_route=%2Fwp%2Fv2%2Fcomments&post=37292"}],"version-history":[{"count":0,"href":"https:\/\/gerardoduque.com.mx\/index.php?rest_route=\/wp\/v2\/posts\/37292\/revisions"}],"wp:featuredmedia":[{"embeddable":true,"href":"https:\/\/gerardoduque.com.mx\/index.php?rest_route=\/wp\/v2\/media\/37293"}],"wp:attachment":[{"href":"https:\/\/gerardoduque.com.mx\/index.php?rest_route=%2Fwp%2Fv2%2Fmedia&parent=37292"}],"wp:term":[{"taxonomy":"category","embeddable":true,"href":"https:\/\/gerardoduque.com.mx\/index.php?rest_route=%2Fwp%2Fv2%2Fcategories&post=37292"},{"taxonomy":"post_tag","embeddable":true,"href":"https:\/\/gerardoduque.com.mx\/index.php?rest_route=%2Fwp%2Fv2%2Ftags&post=37292"}],"curies":[{"name":"wp","href":"https:\/\/api.w.org\/{rel}","templated":true}]}}