{"id":37248,"date":"2025-06-07T13:20:37","date_gmt":"2025-06-07T19:20:37","guid":{"rendered":"https:\/\/gerardoduque.com.mx\/?p=37248"},"modified":"2025-06-07T13:20:47","modified_gmt":"2025-06-07T19:20:47","slug":"ninos-de-primaria-en-riesgo-por-negligencia-de-ayuntamiento-y-de-sege","status":"publish","type":"post","link":"https:\/\/gerardoduque.com.mx\/?p=37248","title":{"rendered":"NI\u00d1OS DE PRIMARIA EN RIESGO POR NEGLIGENCIA DE AYUNTAMIENTO Y DE SEGE"},"content":{"rendered":"\n<p>Padres de familia que tienen a sus hijos estudiando en la \u201cEscuela Primaria Cuauht\u00e9moc\u201d -ubicada en el Fraccionamiento San Leonel- en la capital potosina, denuncian la absoluta desatenci\u00f3n por parte de las autoridades municipales y estatales.<\/p>\n\n\n\n<p>Por una situaci\u00f3n sumamente burda, los ni\u00f1os de la instituci\u00f3n no podr\u00e1n continuar con sus actividades acad\u00e9micas y culminar el ciclo escolar.<\/p>\n\n\n\n<p>Ni el ayuntamiento capitalino ni el gobierno del estado quieren hacerse responsables para retirar un \u00e1rbol que cay\u00f3, y que es un peligro inminente para la integridad de los alumnos y trabajadores del plantel.<\/p>\n\n\n\n<p>Debido a las fuertes lluvias que se presentaron esta semana en la zona metropolitana de la capital potosina, un \u00e1rbol de grandes dimensiones cay\u00f3 en la mencionada primaria.<\/p>\n\n\n\n<p>Lleva d\u00edas sostenido s\u00f3lo por la barda perimetral de la instituci\u00f3n; la barda tambi\u00e9n est\u00e1 ya a punto de colapsar.<\/p>\n\n\n\n<p>El peligro es a\u00fan mayor debido a que est\u00e1n comprometidas varias l\u00edneas de cables, entre ellas de luz.<\/p>\n\n\n\n<p>De inmediato se solicit\u00f3 ayuda a Protecci\u00f3n Civil Municipal, quienes apenas respondieron que ellos \u201cno pueden hacer absolutamente nada, ya que el \u00e1rbol est\u00e1 dentro de una escuela y eso le corresponde al Gobierno Estatal a trav\u00e9s de la SEGE\u201d<\/p>\n\n\n\n<p>Por su parte, la SEGE contest\u00f3 que \u201cno pueden hacer nada ya que no cuentan con personal adecuado y capacitado para retirar el \u00e1rbol, y que se tendr\u00eda que contratar un servicio particular, pero no tienen recursos econ\u00f3micos para ese rubro\u201d, por lo que sugieren que sean los mismos padres de familia los que quiten el \u00e1rbol o contraten el servicio profesional.<\/p>\n\n\n\n<p><br>Los ni\u00f1os est\u00e1n a unos cuantos d\u00edas de culminar su a\u00f1o escolar y en periodo de ex\u00e1menes finales.<\/p>\n\n\n\n<p>Los padres indignados rechazan la postura del alcalde Enrique Galindo y del secretario de educaci\u00f3n Juan Carlos Torres.<\/p>\n\n\n\n<p>Tanto el gobierno estatal como el Ayuntamiento derrochan dinero a manos llenas para fiestas y eventos musicales, y no puedan brindar soluci\u00f3n a una atenci\u00f3n ciudadana.<\/p>\n","protected":false},"excerpt":{"rendered":"<p>Ambas autoridades han evadido su responsabilidad <\/p>\n","protected":false},"author":4,"featured_media":37249,"comment_status":"closed","ping_status":"closed","sticky":false,"template":"","format":"standard","meta":{"_et_pb_use_builder":"off","_et_pb_old_content":"","_et_gb_content_width":"","footnotes":""},"categories":[412,62],"tags":[],"class_list":["post-37248","post","type-post","status-publish","format-standard","has-post-thumbnail","hentry","category-destacado","category-redaccion"],"_links":{"self":[{"href":"https:\/\/gerardoduque.com.mx\/index.php?rest_route=\/wp\/v2\/posts\/37248","targetHints":{"allow":["GET"]}}],"collection":[{"href":"https:\/\/gerardoduque.com.mx\/index.php?rest_route=\/wp\/v2\/posts"}],"about":[{"href":"https:\/\/gerardoduque.com.mx\/index.php?rest_route=\/wp\/v2\/types\/post"}],"author":[{"embeddable":true,"href":"https:\/\/gerardoduque.com.mx\/index.php?rest_route=\/wp\/v2\/users\/4"}],"replies":[{"embeddable":true,"href":"https:\/\/gerardoduque.com.mx\/index.php?rest_route=%2Fwp%2Fv2%2Fcomments&post=37248"}],"version-history":[{"count":0,"href":"https:\/\/gerardoduque.com.mx\/index.php?rest_route=\/wp\/v2\/posts\/37248\/revisions"}],"wp:featuredmedia":[{"embeddable":true,"href":"https:\/\/gerardoduque.com.mx\/index.php?rest_route=\/wp\/v2\/media\/37249"}],"wp:attachment":[{"href":"https:\/\/gerardoduque.com.mx\/index.php?rest_route=%2Fwp%2Fv2%2Fmedia&parent=37248"}],"wp:term":[{"taxonomy":"category","embeddable":true,"href":"https:\/\/gerardoduque.com.mx\/index.php?rest_route=%2Fwp%2Fv2%2Fcategories&post=37248"},{"taxonomy":"post_tag","embeddable":true,"href":"https:\/\/gerardoduque.com.mx\/index.php?rest_route=%2Fwp%2Fv2%2Ftags&post=37248"}],"curies":[{"name":"wp","href":"https:\/\/api.w.org\/{rel}","templated":true}]}}