{"id":37241,"date":"2025-06-07T12:23:34","date_gmt":"2025-06-07T18:23:34","guid":{"rendered":"https:\/\/gerardoduque.com.mx\/?p=37241"},"modified":"2025-06-07T12:27:33","modified_gmt":"2025-06-07T18:27:33","slug":"dos-panistas-mas-deben-ser-enjuiciados-junto-a-rolando-hervert","status":"publish","type":"post","link":"https:\/\/gerardoduque.com.mx\/?p=37241","title":{"rendered":"DOS PANISTAS M\u00c1S DEBEN SER ENJUICIADOS JUNTO A ROLANDO HERVERT"},"content":{"rendered":"\n<p>Un Tribunal Colegiado en Materia Penal orden\u00f3 al juez de control de San Luis Potos\u00ed revisar la medida de prisi\u00f3n preventiva dictada contra el exdiputado local Rolando Hervert Lara.<\/p>\n\n\n\n<p>Aunque el Tribunal no cancel\u00f3 el proceso penal en su contra, s\u00ed resolvi\u00f3 que la prisi\u00f3n preventiva no fue debidamente justificada.<\/p>\n\n\n\n<p>Hervert Lara fue detenido en abril de 2024, tras ser vinculado a proceso por supuestas irregularidades en la asignaci\u00f3n de obras p\u00fablicas en la RedMetro durante el pasado sexenio.<\/p>\n\n\n\n<p>En febrero de 2025 logr\u00f3 salir de prisi\u00f3n gracias a un amparo que le permiti\u00f3 continuar el proceso bajo arraigo domiciliario.<\/p>\n\n\n\n<p>La nueva resoluci\u00f3n, emitida el 22 de mayo y formalizada el 5 de junio, confirma que el exlegislador debe seguir enfrentando cargos penales. Es decir, el auto de vinculaci\u00f3n a proceso sigue firme: hay elementos suficientes para que el caso contin\u00fae en tribunales.<\/p>\n\n\n\n<p>Sin embargo, el Tribunal Colegiado concedi\u00f3 el amparo solo en relaci\u00f3n con la medida cautelar.<\/p>\n\n\n\n<p>Consider\u00f3 que el juez de control no fundament\u00f3 adecuadamente por qu\u00e9 era necesario mantener a Hervert en prisi\u00f3n preventiva, una medida excepcional que, por ley, s\u00f3lo debe usarse cuando hay riesgo de fuga, de obstaculizaci\u00f3n del proceso o peligro para las v\u00edctimas.<\/p>\n\n\n\n<p>Ahora, el juez deber\u00e1 reevaluar esta medida y decidir si la sustituye por otras menos restrictivas, como el uso de un brazalete electr\u00f3nico, arresto domiciliario o presentaci\u00f3n peri\u00f3dica ante autoridades judiciales.<\/p>\n\n\n\n<p>Este giro legal podr\u00eda permitir que Hervert enfrente su juicio en libertad, siempre que el juez lo considere apropiado y no exista riesgo procesal. Lo que genera inquietud en este caso es que un testigo clave declar\u00f3 haber entregado varios millones de pesos en efectivo a Hervert Lara, a un exdirigente estatal del PAN y a un actual diputado local de ese partido, en el contexto de un presunto fraude relacionado con la RedMetro.<\/p>\n\n\n\n<p>No obstante, hasta el momento s\u00f3lo Hervert ha sido imputado formalmente, lo que pareciera ser parte de un acuerdo entre el Gobierno y la Fiscal\u00eda General del Estado de San Luis Potos\u00ed para que la justicia s\u00f3lo se enfoque en \u00e9l.<\/p>\n","protected":false},"excerpt":{"rendered":"<p>Por: Ciudadanos Observando  <\/p>\n","protected":false},"author":4,"featured_media":37243,"comment_status":"closed","ping_status":"closed","sticky":false,"template":"","format":"standard","meta":{"_et_pb_use_builder":"off","_et_pb_old_content":"","_et_gb_content_width":"","footnotes":""},"categories":[412,62],"tags":[],"class_list":["post-37241","post","type-post","status-publish","format-standard","has-post-thumbnail","hentry","category-destacado","category-redaccion"],"_links":{"self":[{"href":"https:\/\/gerardoduque.com.mx\/index.php?rest_route=\/wp\/v2\/posts\/37241","targetHints":{"allow":["GET"]}}],"collection":[{"href":"https:\/\/gerardoduque.com.mx\/index.php?rest_route=\/wp\/v2\/posts"}],"about":[{"href":"https:\/\/gerardoduque.com.mx\/index.php?rest_route=\/wp\/v2\/types\/post"}],"author":[{"embeddable":true,"href":"https:\/\/gerardoduque.com.mx\/index.php?rest_route=\/wp\/v2\/users\/4"}],"replies":[{"embeddable":true,"href":"https:\/\/gerardoduque.com.mx\/index.php?rest_route=%2Fwp%2Fv2%2Fcomments&post=37241"}],"version-history":[{"count":0,"href":"https:\/\/gerardoduque.com.mx\/index.php?rest_route=\/wp\/v2\/posts\/37241\/revisions"}],"wp:featuredmedia":[{"embeddable":true,"href":"https:\/\/gerardoduque.com.mx\/index.php?rest_route=\/wp\/v2\/media\/37243"}],"wp:attachment":[{"href":"https:\/\/gerardoduque.com.mx\/index.php?rest_route=%2Fwp%2Fv2%2Fmedia&parent=37241"}],"wp:term":[{"taxonomy":"category","embeddable":true,"href":"https:\/\/gerardoduque.com.mx\/index.php?rest_route=%2Fwp%2Fv2%2Fcategories&post=37241"},{"taxonomy":"post_tag","embeddable":true,"href":"https:\/\/gerardoduque.com.mx\/index.php?rest_route=%2Fwp%2Fv2%2Ftags&post=37241"}],"curies":[{"name":"wp","href":"https:\/\/api.w.org\/{rel}","templated":true}]}}