{"id":37186,"date":"2025-06-05T21:23:43","date_gmt":"2025-06-06T03:23:43","guid":{"rendered":"https:\/\/gerardoduque.com.mx\/?p=37186"},"modified":"2025-06-05T21:23:52","modified_gmt":"2025-06-06T03:23:52","slug":"ayuntamiento-llevo-brigada-de-atencion-para-problemas-visuales-en-cd-valles","status":"publish","type":"post","link":"https:\/\/gerardoduque.com.mx\/?p=37186","title":{"rendered":"AYUNTAMIENTO LLEV\u00d3 BRIGADA DE ATENCI\u00d3N PARA PROBLEMAS VISUALES EN CD. VALLES"},"content":{"rendered":"\n<p>El Ayuntamiento de Ciudad Valles, a trav\u00e9s de la Direcci\u00f3n de Participaci\u00f3n Ciudadana, en coordinaci\u00f3n con el Instituto de la Visi\u00f3n y el Hospital \u201cLa Carlota\u201d de Montemorelos (Nuevo Le\u00f3n), atendi\u00f3 este jueves a ochentaiocho personas en la \u201cBrigada de Detecci\u00f3n de Enfermedades de la Vista\u201d.<\/p>\n\n\n\n<p>Gracias a las gestiones del alcalde David Armando Medina Salazar, y con el objetivo de fortalecer la salud visual de quienes m\u00e1s lo necesitan, esta jornada se llev\u00f3 a cabo en el edificio \u201cLa Colmena\u201d, en un horario de 8 a 16 horas.<\/p>\n\n\n\n<p>En dicha jornada 88 personas acudieron para recibir atenci\u00f3n m\u00e9dica especializada, a cargo de oftalm\u00f3logos del Instituto de la Visi\u00f3n, quienes realizaron valoraciones para la detecci\u00f3n oportuna de padecimientos como catarata, astigmatismo, retinopat\u00eda diab\u00e9tica, carnosidad, hipermetrop\u00eda, miop\u00eda y glaucoma.<\/p>\n\n\n\n<p>Esta iniciativa forma parte de los esfuerzos permanentes del gobierno municipal para acercar servicios de salud de calidad a la ciudadan\u00eda, priorizando a los sectores en condici\u00f3n de vulnerabilidad y reafirmando el compromiso de construir un municipio m\u00e1s saludable y con igualdad de oportunidades.<\/p>\n","protected":false},"excerpt":{"rendered":"<p>Realizaron valoraciones para la detecci\u00f3n oportuna de padecimientos <\/p>\n","protected":false},"author":4,"featured_media":37187,"comment_status":"closed","ping_status":"closed","sticky":false,"template":"","format":"standard","meta":{"_et_pb_use_builder":"off","_et_pb_old_content":"","_et_gb_content_width":"","footnotes":""},"categories":[412,62],"tags":[],"class_list":["post-37186","post","type-post","status-publish","format-standard","has-post-thumbnail","hentry","category-destacado","category-redaccion"],"_links":{"self":[{"href":"https:\/\/gerardoduque.com.mx\/index.php?rest_route=\/wp\/v2\/posts\/37186","targetHints":{"allow":["GET"]}}],"collection":[{"href":"https:\/\/gerardoduque.com.mx\/index.php?rest_route=\/wp\/v2\/posts"}],"about":[{"href":"https:\/\/gerardoduque.com.mx\/index.php?rest_route=\/wp\/v2\/types\/post"}],"author":[{"embeddable":true,"href":"https:\/\/gerardoduque.com.mx\/index.php?rest_route=\/wp\/v2\/users\/4"}],"replies":[{"embeddable":true,"href":"https:\/\/gerardoduque.com.mx\/index.php?rest_route=%2Fwp%2Fv2%2Fcomments&post=37186"}],"version-history":[{"count":0,"href":"https:\/\/gerardoduque.com.mx\/index.php?rest_route=\/wp\/v2\/posts\/37186\/revisions"}],"wp:featuredmedia":[{"embeddable":true,"href":"https:\/\/gerardoduque.com.mx\/index.php?rest_route=\/wp\/v2\/media\/37187"}],"wp:attachment":[{"href":"https:\/\/gerardoduque.com.mx\/index.php?rest_route=%2Fwp%2Fv2%2Fmedia&parent=37186"}],"wp:term":[{"taxonomy":"category","embeddable":true,"href":"https:\/\/gerardoduque.com.mx\/index.php?rest_route=%2Fwp%2Fv2%2Fcategories&post=37186"},{"taxonomy":"post_tag","embeddable":true,"href":"https:\/\/gerardoduque.com.mx\/index.php?rest_route=%2Fwp%2Fv2%2Ftags&post=37186"}],"curies":[{"name":"wp","href":"https:\/\/api.w.org\/{rel}","templated":true}]}}