{"id":37145,"date":"2025-06-04T06:50:01","date_gmt":"2025-06-04T12:50:01","guid":{"rendered":"https:\/\/gerardoduque.com.mx\/?p=37145"},"modified":"2025-06-04T06:50:11","modified_gmt":"2025-06-04T12:50:11","slug":"concluyo-capacitacion-sobre-ley-de-proteccion-animal-a-municipios","status":"publish","type":"post","link":"https:\/\/gerardoduque.com.mx\/?p=37145","title":{"rendered":"CONCLUY\u00d3 CAPACITACI\u00d3N SOBRE LEY DE PROTECCI\u00d3N ANIMAL A MUNICIPIOS"},"content":{"rendered":"\n<p>El Gobierno del Estado de San Luis Potos\u00ed, a trav\u00e9s del Secretariado Ejecutivo del Consejo Estatal de Seguridad P\u00fablica concluy\u00f3 las capacitaciones a los 59 municipios respecto a la Ley de Protecci\u00f3n Animal en el Estado.<\/p>\n\n\n\n<p>En los talleres participaron m\u00e1s de 170 servidores y servidoras p\u00fablicos de \u00e1reas como ecolog\u00eda, seguridad p\u00fablica, protecci\u00f3n civil y sindicatura quienes abordaron temas de violencia animal, sanciones y la relaci\u00f3n entre maltrato y violencia social.<\/p>\n","protected":false},"excerpt":{"rendered":"<p>Participaron m\u00e1s de 170 servidores p\u00fablicos municipales que recibieron capacitaci\u00f3n por parte del SECESP, la Fiscal\u00eda General del Estado y la cl\u00ednica Everardo Neumann.<\/p>\n","protected":false},"author":4,"featured_media":37146,"comment_status":"closed","ping_status":"closed","sticky":false,"template":"","format":"standard","meta":{"_et_pb_use_builder":"off","_et_pb_old_content":"","_et_gb_content_width":"","footnotes":""},"categories":[412,280],"tags":[72,66,344],"class_list":["post-37145","post","type-post","status-publish","format-standard","has-post-thumbnail","hentry","category-destacado","category-gob-slp","tag-gobierno-del-estado","tag-san-luis-potosi","tag-secesp"],"_links":{"self":[{"href":"https:\/\/gerardoduque.com.mx\/index.php?rest_route=\/wp\/v2\/posts\/37145","targetHints":{"allow":["GET"]}}],"collection":[{"href":"https:\/\/gerardoduque.com.mx\/index.php?rest_route=\/wp\/v2\/posts"}],"about":[{"href":"https:\/\/gerardoduque.com.mx\/index.php?rest_route=\/wp\/v2\/types\/post"}],"author":[{"embeddable":true,"href":"https:\/\/gerardoduque.com.mx\/index.php?rest_route=\/wp\/v2\/users\/4"}],"replies":[{"embeddable":true,"href":"https:\/\/gerardoduque.com.mx\/index.php?rest_route=%2Fwp%2Fv2%2Fcomments&post=37145"}],"version-history":[{"count":0,"href":"https:\/\/gerardoduque.com.mx\/index.php?rest_route=\/wp\/v2\/posts\/37145\/revisions"}],"wp:featuredmedia":[{"embeddable":true,"href":"https:\/\/gerardoduque.com.mx\/index.php?rest_route=\/wp\/v2\/media\/37146"}],"wp:attachment":[{"href":"https:\/\/gerardoduque.com.mx\/index.php?rest_route=%2Fwp%2Fv2%2Fmedia&parent=37145"}],"wp:term":[{"taxonomy":"category","embeddable":true,"href":"https:\/\/gerardoduque.com.mx\/index.php?rest_route=%2Fwp%2Fv2%2Fcategories&post=37145"},{"taxonomy":"post_tag","embeddable":true,"href":"https:\/\/gerardoduque.com.mx\/index.php?rest_route=%2Fwp%2Fv2%2Ftags&post=37145"}],"curies":[{"name":"wp","href":"https:\/\/api.w.org\/{rel}","templated":true}]}}