{"id":37142,"date":"2025-06-04T06:46:04","date_gmt":"2025-06-04T12:46:04","guid":{"rendered":"https:\/\/gerardoduque.com.mx\/?p=37142"},"modified":"2025-06-04T06:46:15","modified_gmt":"2025-06-04T12:46:15","slug":"realizan-reunion-con-alcaldes-para-definir-acciones-de-prevencion-ante-temporada-de-ciclones-2025","status":"publish","type":"post","link":"https:\/\/gerardoduque.com.mx\/?p=37142","title":{"rendered":"REALIZAN REUNI\u00d3N CON ALCALDES PARA DEFINIR ACCIONES DE PREVENCI\u00d3N ANTE TEMPORADA DE CICLONES 2025"},"content":{"rendered":"\n<p>El Gobernador de San Luis Potos\u00ed Ricardo Gallardo Cardona se reuni\u00f3 con los presidentes municipales del Estado y les conmin\u00f3 a implementar acciones de prevenci\u00f3n para evitar desbordes de agua, inundaciones en colonias y riesgos a las familias potosinas.<\/p>\n\n\n\n<p>En la reuni\u00f3n, donde tambi\u00e9n participaron \u00e1reas de protecci\u00f3n civil municipales, personal de la Comisi\u00f3n Nacional del Agua y la Secretar\u00eda de la defensa Nacional, el Gobernador destac\u00f3 la importancia de prevenir riesgos con trabajos de desazolve, limpieza y mantenimiento de sistemas de drenaje y colectores pluviales en los 59 municipios, as\u00ed como la atenci\u00f3n oportuna en asentamientos por debajo de los niveles de urbanizaci\u00f3n que se inundan cuando se registran lluvias.&nbsp;<\/p>\n\n\n\n<p>Puso al servicio de todas las familias de todos los ayuntamientos personal capacitado en protecci\u00f3n civil, maquinaria, veh\u00edculos, tecnolog\u00edas diversas y apoyo sin l\u00edmites para que la presente temporada de lluvias y ciclones, en la que se pronostican 37 fen\u00f3menos provenientes del Atl\u00e1ntico y del Pac\u00edfico transcurra sin riesgo para las y los potosinos y a su patrimonio.<\/p>\n\n\n\n<p>Cabe se\u00f1alar que previo a la temporada, el Gobierno del Estado comenz\u00f3 con labores de prevenci\u00f3n como la limpieza y reconstrucci\u00f3n de bordos de abrevadero por parte de la Secretar\u00eda de Desarrollo Agropecuario y Recursos Hidr\u00e1ulicos, la elaboraci\u00f3n de los atlas de riesgo de Protecci\u00f3n Civil, as\u00ed como la sensibilizaci\u00f3n de la poblaci\u00f3n.<\/p>\n\n\n\n<p>Finalmente, Gallardo Cardona dijo que apoyar\u00e1 a los ayuntamientos que instalen albergues temporales, con atenci\u00f3n m\u00e9dica, alimentos y toda la atenci\u00f3n necesaria para quienes requieran este servicio.<\/p>\n","protected":false},"excerpt":{"rendered":"<p>Estado y alcaldes de las cuatro regiones se reunen para definir acciones de prevenci\u00f3n y acci\u00f3n ante la temporada de lluvias y ciclones tropicales.<\/p>\n","protected":false},"author":4,"featured_media":37143,"comment_status":"closed","ping_status":"closed","sticky":false,"template":"","format":"standard","meta":{"_et_pb_use_builder":"off","_et_pb_old_content":"","_et_gb_content_width":"","footnotes":""},"categories":[412,280],"tags":[72,66],"class_list":["post-37142","post","type-post","status-publish","format-standard","has-post-thumbnail","hentry","category-destacado","category-gob-slp","tag-gobierno-del-estado","tag-san-luis-potosi"],"_links":{"self":[{"href":"https:\/\/gerardoduque.com.mx\/index.php?rest_route=\/wp\/v2\/posts\/37142","targetHints":{"allow":["GET"]}}],"collection":[{"href":"https:\/\/gerardoduque.com.mx\/index.php?rest_route=\/wp\/v2\/posts"}],"about":[{"href":"https:\/\/gerardoduque.com.mx\/index.php?rest_route=\/wp\/v2\/types\/post"}],"author":[{"embeddable":true,"href":"https:\/\/gerardoduque.com.mx\/index.php?rest_route=\/wp\/v2\/users\/4"}],"replies":[{"embeddable":true,"href":"https:\/\/gerardoduque.com.mx\/index.php?rest_route=%2Fwp%2Fv2%2Fcomments&post=37142"}],"version-history":[{"count":0,"href":"https:\/\/gerardoduque.com.mx\/index.php?rest_route=\/wp\/v2\/posts\/37142\/revisions"}],"wp:featuredmedia":[{"embeddable":true,"href":"https:\/\/gerardoduque.com.mx\/index.php?rest_route=\/wp\/v2\/media\/37143"}],"wp:attachment":[{"href":"https:\/\/gerardoduque.com.mx\/index.php?rest_route=%2Fwp%2Fv2%2Fmedia&parent=37142"}],"wp:term":[{"taxonomy":"category","embeddable":true,"href":"https:\/\/gerardoduque.com.mx\/index.php?rest_route=%2Fwp%2Fv2%2Fcategories&post=37142"},{"taxonomy":"post_tag","embeddable":true,"href":"https:\/\/gerardoduque.com.mx\/index.php?rest_route=%2Fwp%2Fv2%2Ftags&post=37142"}],"curies":[{"name":"wp","href":"https:\/\/api.w.org\/{rel}","templated":true}]}}