{"id":37136,"date":"2025-06-03T23:17:04","date_gmt":"2025-06-04T05:17:04","guid":{"rendered":"https:\/\/gerardoduque.com.mx\/?p=37136"},"modified":"2025-06-03T23:17:13","modified_gmt":"2025-06-04T05:17:13","slug":"ciudad-valles-se-suma-a-estrategia-estatal-de-prevencion-por-lluvias-y-huracanes","status":"publish","type":"post","link":"https:\/\/gerardoduque.com.mx\/?p=37136","title":{"rendered":"CIUDAD VALLES SE SUMA A ESTRATEGIA ESTATAL DE PREVENCI\u00d3N POR LLUVIAS Y HURACANES"},"content":{"rendered":"\n<p>El presidente municipal, David Armando Medina Salazar, particip\u00f3 en la reuni\u00f3n convocada por el gobernador del estado, Ricardo Gallardo Cardona, con el <a><\/a>prop\u00f3sito de coordinar acciones preventivas ante la temporada de lluvias y ciclones tropicales 2025, que se prev\u00e9 intensa con la posible presencia de hasta 37 fen\u00f3menos meteorol\u00f3gicos.<\/p>\n\n\n\n<p>Durante el encuentro, celebrado con la presencia de presidentas y presidentes municipales de las cuatro regiones del estado, as\u00ed como representantes de la Coordinaci\u00f3n Estatal de Protecci\u00f3n Civil, la Comisi\u00f3n Nacional del Agua (CONAGUA) y la Secretar\u00eda de la Defensa Nacional, se delinearon medidas para evitar riesgos a la poblaci\u00f3n, como desbordes, inundaciones y afectaciones en zonas vulnerables.<\/p>\n\n\n\n<p>El alcalde de Ciudad Valles afirm\u00f3 que en el municipio se fortalecer\u00e1n las tareas de limpieza de drenajes, desazolves y mantenimiento en puntos cr\u00edticos, reafirmando el compromiso de su gobierno con la protecci\u00f3n de las familias.<\/p>\n","protected":false},"excerpt":{"rendered":"<p>El municipio fortalece tareas de limpieza de drenajes, y desazolves <\/p>\n","protected":false},"author":4,"featured_media":37137,"comment_status":"closed","ping_status":"closed","sticky":false,"template":"","format":"standard","meta":{"_et_pb_use_builder":"off","_et_pb_old_content":"","_et_gb_content_width":"","footnotes":""},"categories":[412,62],"tags":[],"class_list":["post-37136","post","type-post","status-publish","format-standard","has-post-thumbnail","hentry","category-destacado","category-redaccion"],"_links":{"self":[{"href":"https:\/\/gerardoduque.com.mx\/index.php?rest_route=\/wp\/v2\/posts\/37136","targetHints":{"allow":["GET"]}}],"collection":[{"href":"https:\/\/gerardoduque.com.mx\/index.php?rest_route=\/wp\/v2\/posts"}],"about":[{"href":"https:\/\/gerardoduque.com.mx\/index.php?rest_route=\/wp\/v2\/types\/post"}],"author":[{"embeddable":true,"href":"https:\/\/gerardoduque.com.mx\/index.php?rest_route=\/wp\/v2\/users\/4"}],"replies":[{"embeddable":true,"href":"https:\/\/gerardoduque.com.mx\/index.php?rest_route=%2Fwp%2Fv2%2Fcomments&post=37136"}],"version-history":[{"count":0,"href":"https:\/\/gerardoduque.com.mx\/index.php?rest_route=\/wp\/v2\/posts\/37136\/revisions"}],"wp:featuredmedia":[{"embeddable":true,"href":"https:\/\/gerardoduque.com.mx\/index.php?rest_route=\/wp\/v2\/media\/37137"}],"wp:attachment":[{"href":"https:\/\/gerardoduque.com.mx\/index.php?rest_route=%2Fwp%2Fv2%2Fmedia&parent=37136"}],"wp:term":[{"taxonomy":"category","embeddable":true,"href":"https:\/\/gerardoduque.com.mx\/index.php?rest_route=%2Fwp%2Fv2%2Fcategories&post=37136"},{"taxonomy":"post_tag","embeddable":true,"href":"https:\/\/gerardoduque.com.mx\/index.php?rest_route=%2Fwp%2Fv2%2Ftags&post=37136"}],"curies":[{"name":"wp","href":"https:\/\/api.w.org\/{rel}","templated":true}]}}