{"id":37125,"date":"2025-06-03T22:27:21","date_gmt":"2025-06-04T04:27:21","guid":{"rendered":"https:\/\/gerardoduque.com.mx\/?p=37125"},"modified":"2025-06-03T22:28:08","modified_gmt":"2025-06-04T04:28:08","slug":"alcalde-en-evento-del-pan-mientras-la-ciudad-colapsa-por-lluvias","status":"publish","type":"post","link":"https:\/\/gerardoduque.com.mx\/?p=37125","title":{"rendered":"ALCALDE EN EVENTO DEL PAN MIENTRAS LA CIUDAD COLAPSA POR LLUVIAS"},"content":{"rendered":"\n<p>Enrique Galindo Ceballos prefiri\u00f3 atender compromisos partidistas antes que responder a la ciudadan\u00eda afectada por las intensas lluvias que han azotado la capital durante horas recientes<\/p>\n\n\n\n<p>Galindo asisti\u00f3 como \u201cinvitado de honor\u201d al evento de registro de Ver\u00f3nica Rodr\u00edguez, como candidata a la presidencia estatal del PAN, ignorando las m\u00faltiples denuncias ciudadanas sobre inundaciones, calles intransitables y da\u00f1os severos en diversas colonias.<\/p>\n\n\n\n<p>Acompa\u00f1ado por pol\u00edticos del pasado, como el exgobernador Marcelo de los Santos Fraga y otros panistas de la vieja guardia, Galindo socializaba mientras en la ciudad las lluvias dejaban a su paso caos y afectaciones, sin que la autoridad municipal diera la cara.<\/p>\n\n\n\n<p>Desde el fin de semana, vecinos de distintos sectores hab\u00edan advertido sobre los riesgos que las lluvias representar\u00edan ante la falta de mantenimiento en infraestructura pluvial y alcantarillado, situaci\u00f3n que fue ignorada por la administraci\u00f3n municipal.<\/p>\n\n\n\n<p>Las redes sociales estallaron con denuncias, fotograf\u00edas y videos que mostraban calles convertidas en r\u00edos, veh\u00edculos varados y familias afectadas, mientras el alcalde luc\u00eda sonriente en su encuentro partidista.<\/p>\n\n\n\n<p>Esta nueva omisi\u00f3n se suma a las cr\u00edticas constantes hacia Galindo por su ausencia frecuente de la ciudad, marcada por m\u00faltiples viajes al extranjero disfrazados de \u201cgiras de trabajo\u201d, mientras la inseguridad, la falta de agua y deficiencias en los servicios p\u00fablicos siguen al alza.<\/p>\n\n\n\n<p>Una vez m\u00e1s, Enrique Galindo Ceballos deja claro que sus prioridades est\u00e1n m\u00e1s en las fotos pol\u00edticas y en los viejos acuerdos partidistas que en resolver los problemas reales de los potosinos, mostrando un gobierno cada vez m\u00e1s lejano y ausente.<\/p>\n","protected":false},"excerpt":{"rendered":"<p>Inseguridad, falta de agua y deficiencia en servicios p\u00fablicos van en aumento <\/p>\n","protected":false},"author":4,"featured_media":37126,"comment_status":"closed","ping_status":"closed","sticky":false,"template":"","format":"standard","meta":{"_et_pb_use_builder":"off","_et_pb_old_content":"","_et_gb_content_width":"","footnotes":""},"categories":[412,62],"tags":[],"class_list":["post-37125","post","type-post","status-publish","format-standard","has-post-thumbnail","hentry","category-destacado","category-redaccion"],"_links":{"self":[{"href":"https:\/\/gerardoduque.com.mx\/index.php?rest_route=\/wp\/v2\/posts\/37125","targetHints":{"allow":["GET"]}}],"collection":[{"href":"https:\/\/gerardoduque.com.mx\/index.php?rest_route=\/wp\/v2\/posts"}],"about":[{"href":"https:\/\/gerardoduque.com.mx\/index.php?rest_route=\/wp\/v2\/types\/post"}],"author":[{"embeddable":true,"href":"https:\/\/gerardoduque.com.mx\/index.php?rest_route=\/wp\/v2\/users\/4"}],"replies":[{"embeddable":true,"href":"https:\/\/gerardoduque.com.mx\/index.php?rest_route=%2Fwp%2Fv2%2Fcomments&post=37125"}],"version-history":[{"count":0,"href":"https:\/\/gerardoduque.com.mx\/index.php?rest_route=\/wp\/v2\/posts\/37125\/revisions"}],"wp:featuredmedia":[{"embeddable":true,"href":"https:\/\/gerardoduque.com.mx\/index.php?rest_route=\/wp\/v2\/media\/37126"}],"wp:attachment":[{"href":"https:\/\/gerardoduque.com.mx\/index.php?rest_route=%2Fwp%2Fv2%2Fmedia&parent=37125"}],"wp:term":[{"taxonomy":"category","embeddable":true,"href":"https:\/\/gerardoduque.com.mx\/index.php?rest_route=%2Fwp%2Fv2%2Fcategories&post=37125"},{"taxonomy":"post_tag","embeddable":true,"href":"https:\/\/gerardoduque.com.mx\/index.php?rest_route=%2Fwp%2Fv2%2Ftags&post=37125"}],"curies":[{"name":"wp","href":"https:\/\/api.w.org\/{rel}","templated":true}]}}