{"id":37103,"date":"2025-06-03T06:59:17","date_gmt":"2025-06-03T12:59:17","guid":{"rendered":"https:\/\/gerardoduque.com.mx\/?p=37103"},"modified":"2025-06-03T06:59:27","modified_gmt":"2025-06-03T12:59:27","slug":"inauguran-nueva-base-operativa-de-la-guardia-civil-estatal-en-estacion-catorce","status":"publish","type":"post","link":"https:\/\/gerardoduque.com.mx\/?p=37103","title":{"rendered":"INAUGURAN NUEVA BASE OPERATIVA DE LA GUARDIA CIVIL ESTATAL EN ESTACI\u00d3N CATORCE"},"content":{"rendered":"\n<p>Con la inauguraci\u00f3n de la base operativa de la Guardia Civil Estatal en Estaci\u00f3n Catorce, la Secretar\u00eda de Seguridad y Protecci\u00f3n Ciudadana del Estado pretende intensificar la prevenci\u00f3n y la seguridad en el Altiplano, agilizando la atenci\u00f3n a la poblaci\u00f3n y una respuesta inmediata a los auxilios y reportes.<\/p>\n\n\n\n<p>La dependencia instal\u00f3 bases operativas y despleg\u00f3 de la GCE, como en Estaci\u00f3n Catorce, al ser acceso a una zona tur\u00edstica por lo que la vigilancia deriva en desarrollo comercial y tur\u00edstico, adem\u00e1s de ser un paso obligado para personas viajeras.<\/p>\n\n\n\n<p>Los agentes estatales brindan recorridos de seguridad y vigilancia sobre el tramo carretero de Charcas pasando por Estaci\u00f3n Wadley, Estaci\u00f3n Catorce, Vanegas, Carretera San Tiburcio-Cedral, municipio de Cedral y Matehuala, adem\u00e1s de zonas adyacentes para mayor seguridad de visitantes y pobladores.<\/p>\n","protected":false},"excerpt":{"rendered":"<p>La Secretar\u00eda de Seguridad y Protecci\u00f3n Ciudadana del Estado pretende intensificar la prevenci\u00f3n y la seguridad en el Altiplano.<\/p>\n","protected":false},"author":4,"featured_media":37104,"comment_status":"closed","ping_status":"closed","sticky":false,"template":"","format":"standard","meta":{"_et_pb_use_builder":"off","_et_pb_old_content":"","_et_gb_content_width":"","footnotes":""},"categories":[412,280],"tags":[390,72,66],"class_list":["post-37103","post","type-post","status-publish","format-standard","has-post-thumbnail","hentry","category-destacado","category-gob-slp","tag-gce","tag-gobierno-del-estado","tag-san-luis-potosi"],"_links":{"self":[{"href":"https:\/\/gerardoduque.com.mx\/index.php?rest_route=\/wp\/v2\/posts\/37103","targetHints":{"allow":["GET"]}}],"collection":[{"href":"https:\/\/gerardoduque.com.mx\/index.php?rest_route=\/wp\/v2\/posts"}],"about":[{"href":"https:\/\/gerardoduque.com.mx\/index.php?rest_route=\/wp\/v2\/types\/post"}],"author":[{"embeddable":true,"href":"https:\/\/gerardoduque.com.mx\/index.php?rest_route=\/wp\/v2\/users\/4"}],"replies":[{"embeddable":true,"href":"https:\/\/gerardoduque.com.mx\/index.php?rest_route=%2Fwp%2Fv2%2Fcomments&post=37103"}],"version-history":[{"count":0,"href":"https:\/\/gerardoduque.com.mx\/index.php?rest_route=\/wp\/v2\/posts\/37103\/revisions"}],"wp:featuredmedia":[{"embeddable":true,"href":"https:\/\/gerardoduque.com.mx\/index.php?rest_route=\/wp\/v2\/media\/37104"}],"wp:attachment":[{"href":"https:\/\/gerardoduque.com.mx\/index.php?rest_route=%2Fwp%2Fv2%2Fmedia&parent=37103"}],"wp:term":[{"taxonomy":"category","embeddable":true,"href":"https:\/\/gerardoduque.com.mx\/index.php?rest_route=%2Fwp%2Fv2%2Fcategories&post=37103"},{"taxonomy":"post_tag","embeddable":true,"href":"https:\/\/gerardoduque.com.mx\/index.php?rest_route=%2Fwp%2Fv2%2Ftags&post=37103"}],"curies":[{"name":"wp","href":"https:\/\/api.w.org\/{rel}","templated":true}]}}