{"id":37070,"date":"2025-06-02T06:54:04","date_gmt":"2025-06-02T12:54:04","guid":{"rendered":"https:\/\/gerardoduque.com.mx\/?p=37070"},"modified":"2025-06-02T06:54:15","modified_gmt":"2025-06-02T12:54:15","slug":"proteccion-civil-continua-atendiendo-reportes-por-lluvias","status":"publish","type":"post","link":"https:\/\/gerardoduque.com.mx\/?p=37070","title":{"rendered":"PROTECCI\u00d3N CIVIL CONTIN\u00daA ATENDIENDO REPORTES POR LLUVIAS"},"content":{"rendered":"\n<p>La Coordinaci\u00f3n Estatal de Protecci\u00f3n Civil inform\u00f3 que se mantiene el monitoreo de las condiciones climatol\u00f3gicas registradas desde la noche del s\u00e1bado, con presencia de lluvias en la zona centro del Estado.<\/p>\n\n\n\n<p>Se reportaron encharcamientos relevantes en la capital potosina, Villa de Pozos y Soledad de Graciano S\u00e1nchez, adem\u00e1s de 18 colapsos en sistemas de drenaje, cinco veh\u00edculos varados, incluido un cami\u00f3n de personal en el puente Naranja, y dos personas rescatadas por inundaci\u00f3n en Puente Pemex y calle Morales-Saucito.<\/p>\n\n\n\n<p>En Soledad, se revis\u00f3 el bordo del R\u00edo Santiago a la altura de Palma de la Cruz, el cual ser\u00e1 reforzado este domingo con maquinaria pesada. En Villa de Reyes y Mexquitic se realizaron maniobras para retirar troncos que obstru\u00edan el paso del agua en caminos y cuerpos de agua.<\/p>\n\n\n\n<p>Se exhort\u00f3 a la poblaci\u00f3n a que, ante las condiciones del clima, evite circular por vialidades cerradas y atender en todo momento las indicaciones de Protecci\u00f3n Civil.<\/p>\n","protected":false},"excerpt":{"rendered":"<p>Se reportaron encharcamientos relevantes en la capital potosina, Villa de Pozos y Soledad de Graciano S\u00e1nchez, adem\u00e1s de colapsos en sistemas de drenaje.<\/p>\n","protected":false},"author":4,"featured_media":37071,"comment_status":"closed","ping_status":"closed","sticky":false,"template":"","format":"standard","meta":{"_et_pb_use_builder":"off","_et_pb_old_content":"","_et_gb_content_width":"","footnotes":""},"categories":[412,280],"tags":[190,72,66],"class_list":["post-37070","post","type-post","status-publish","format-standard","has-post-thumbnail","hentry","category-destacado","category-gob-slp","tag-cepc","tag-gobierno-del-estado","tag-san-luis-potosi"],"_links":{"self":[{"href":"https:\/\/gerardoduque.com.mx\/index.php?rest_route=\/wp\/v2\/posts\/37070","targetHints":{"allow":["GET"]}}],"collection":[{"href":"https:\/\/gerardoduque.com.mx\/index.php?rest_route=\/wp\/v2\/posts"}],"about":[{"href":"https:\/\/gerardoduque.com.mx\/index.php?rest_route=\/wp\/v2\/types\/post"}],"author":[{"embeddable":true,"href":"https:\/\/gerardoduque.com.mx\/index.php?rest_route=\/wp\/v2\/users\/4"}],"replies":[{"embeddable":true,"href":"https:\/\/gerardoduque.com.mx\/index.php?rest_route=%2Fwp%2Fv2%2Fcomments&post=37070"}],"version-history":[{"count":0,"href":"https:\/\/gerardoduque.com.mx\/index.php?rest_route=\/wp\/v2\/posts\/37070\/revisions"}],"wp:featuredmedia":[{"embeddable":true,"href":"https:\/\/gerardoduque.com.mx\/index.php?rest_route=\/wp\/v2\/media\/37071"}],"wp:attachment":[{"href":"https:\/\/gerardoduque.com.mx\/index.php?rest_route=%2Fwp%2Fv2%2Fmedia&parent=37070"}],"wp:term":[{"taxonomy":"category","embeddable":true,"href":"https:\/\/gerardoduque.com.mx\/index.php?rest_route=%2Fwp%2Fv2%2Fcategories&post=37070"},{"taxonomy":"post_tag","embeddable":true,"href":"https:\/\/gerardoduque.com.mx\/index.php?rest_route=%2Fwp%2Fv2%2Ftags&post=37070"}],"curies":[{"name":"wp","href":"https:\/\/api.w.org\/{rel}","templated":true}]}}