{"id":37058,"date":"2025-06-01T12:04:09","date_gmt":"2025-06-01T18:04:09","guid":{"rendered":"https:\/\/gerardoduque.com.mx\/?p=37058"},"modified":"2025-06-01T12:08:56","modified_gmt":"2025-06-01T18:08:56","slug":"4-muertos-y-20-heridos-al-chocar-autobus-de-turistas-en-carr-slp-cerritos","status":"publish","type":"post","link":"https:\/\/gerardoduque.com.mx\/?p=37058","title":{"rendered":"4 MUERTOS Y 20 HERIDOS AL CHOCAR AUTOB\u00daS DE TURISTAS EN CARR. SLP &#8211; CERRITOS"},"content":{"rendered":"\n<p>La ma\u00f1ana de este domingo un autob\u00fas de pasajeros volc\u00f3 tras chocar contra un autom\u00f3vil en la carretera San Luis Potos\u00ed \u2013 Cerritos, a la altura de la localidad de <a><\/a>\u201cPalos Altos\u201d, perteneciente al municipio de Guadalc\u00e1zar.<\/p>\n\n\n\n<p>Se confirm\u00f3 que en el autob\u00fas involucrado viajaban 45 turistas que se dirig\u00edan hacia la huasteca potosina.<\/p>\n\n\n\n<p>En tanto, a bordo del veh\u00edculo compacto iban cinco personas. La unidad portaba placas del estado de Chiapas.<\/p>\n\n\n\n<p>Tras reportarse los hechos al sitio arribaron elementos de diversas corporaciones de emergencia y grupos de auxilio.<\/p>\n\n\n\n<p>La Coordinaci\u00f3n Estatal de Protecci\u00f3n Civil confirm\u00f3 que en el lugar fallecieron cuatro personas, y al menos veinte resultaron heridas. Los lesionados fueron trasladados a hospitales cercanos.<\/p>\n","protected":false},"excerpt":{"rendered":"<p>El auto compacto involucrado llevaba placas de Chiapas <\/p>\n","protected":false},"author":4,"featured_media":37060,"comment_status":"closed","ping_status":"closed","sticky":false,"template":"","format":"standard","meta":{"_et_pb_use_builder":"off","_et_pb_old_content":"","_et_gb_content_width":"","footnotes":""},"categories":[412,62],"tags":[],"class_list":["post-37058","post","type-post","status-publish","format-standard","has-post-thumbnail","hentry","category-destacado","category-redaccion"],"_links":{"self":[{"href":"https:\/\/gerardoduque.com.mx\/index.php?rest_route=\/wp\/v2\/posts\/37058","targetHints":{"allow":["GET"]}}],"collection":[{"href":"https:\/\/gerardoduque.com.mx\/index.php?rest_route=\/wp\/v2\/posts"}],"about":[{"href":"https:\/\/gerardoduque.com.mx\/index.php?rest_route=\/wp\/v2\/types\/post"}],"author":[{"embeddable":true,"href":"https:\/\/gerardoduque.com.mx\/index.php?rest_route=\/wp\/v2\/users\/4"}],"replies":[{"embeddable":true,"href":"https:\/\/gerardoduque.com.mx\/index.php?rest_route=%2Fwp%2Fv2%2Fcomments&post=37058"}],"version-history":[{"count":0,"href":"https:\/\/gerardoduque.com.mx\/index.php?rest_route=\/wp\/v2\/posts\/37058\/revisions"}],"wp:featuredmedia":[{"embeddable":true,"href":"https:\/\/gerardoduque.com.mx\/index.php?rest_route=\/wp\/v2\/media\/37060"}],"wp:attachment":[{"href":"https:\/\/gerardoduque.com.mx\/index.php?rest_route=%2Fwp%2Fv2%2Fmedia&parent=37058"}],"wp:term":[{"taxonomy":"category","embeddable":true,"href":"https:\/\/gerardoduque.com.mx\/index.php?rest_route=%2Fwp%2Fv2%2Fcategories&post=37058"},{"taxonomy":"post_tag","embeddable":true,"href":"https:\/\/gerardoduque.com.mx\/index.php?rest_route=%2Fwp%2Fv2%2Ftags&post=37058"}],"curies":[{"name":"wp","href":"https:\/\/api.w.org\/{rel}","templated":true}]}}