{"id":37034,"date":"2025-06-01T09:26:31","date_gmt":"2025-06-01T15:26:31","guid":{"rendered":"https:\/\/gerardoduque.com.mx\/?p=37034"},"modified":"2025-06-01T09:26:39","modified_gmt":"2025-06-01T15:26:39","slug":"proteccion-civil-emite-recomendaciones-por-elecciones","status":"publish","type":"post","link":"https:\/\/gerardoduque.com.mx\/?p=37034","title":{"rendered":"PROTECCI\u00d3N CIVIL EMITE RECOMENDACIONES POR ELECCIONES"},"content":{"rendered":"\n<p>La Coordinaci\u00f3n Estatal de Protecci\u00f3n Civil dio a conocer que este domingo 1 de junio, se pronostican temperaturas de hasta 37 grados para las regiones huasteca y media y posibilidad de lluvias por la tarde para todo el Estado, por lo que recomend\u00f3 a la poblaci\u00f3n que participar\u00e1 en la elecci\u00f3n, fortalecer las medidas de prevenci\u00f3n.<\/p>\n\n\n\n<p>La dependencia exhort\u00f3 a las coordinaciones de protecci\u00f3n civil de los 59 municipios y a sus cuerpos de emergencia a permanecer al pendiente de cualquier situaci\u00f3n de riesgo y recomend\u00f3 a la poblaci\u00f3n mantenerse hidratada, usar ropa de algod\u00f3n, llevar paraguas, sombrero o cachuchas, evitar aglomeraciones y cuidar a personas adultas mayores, menores de edad, mujeres embarazadas, personas con discapacidad o enfermas.<\/p>\n\n\n\n<p>En caso de presentarse lluvias durante el d\u00eda, la dependencia pidi\u00f3 evitar refugiarse bajo \u00e1rboles o estructuras que pudieran caerse y finalmente, dijo que, en caso de emergencia, se pueden comunicar al n\u00famero de WhatsApp 444 213 2858 donde el personal de Protecci\u00f3n Civil del Estado atender\u00e1 y canalizar\u00e1 los reportes.<\/p>\n","protected":false},"excerpt":{"rendered":"<p>La Coordinaci\u00f3n Estatal de Protecci\u00f3n Civil inform\u00f3 que se pronostican temperaturas de hasta 37 grados en la zona Huasteca.<\/p>\n","protected":false},"author":4,"featured_media":37035,"comment_status":"closed","ping_status":"closed","sticky":false,"template":"","format":"standard","meta":{"_et_pb_use_builder":"off","_et_pb_old_content":"","_et_gb_content_width":"","footnotes":""},"categories":[412,280],"tags":[190,72,66],"class_list":["post-37034","post","type-post","status-publish","format-standard","has-post-thumbnail","hentry","category-destacado","category-gob-slp","tag-cepc","tag-gobierno-del-estado","tag-san-luis-potosi"],"_links":{"self":[{"href":"https:\/\/gerardoduque.com.mx\/index.php?rest_route=\/wp\/v2\/posts\/37034","targetHints":{"allow":["GET"]}}],"collection":[{"href":"https:\/\/gerardoduque.com.mx\/index.php?rest_route=\/wp\/v2\/posts"}],"about":[{"href":"https:\/\/gerardoduque.com.mx\/index.php?rest_route=\/wp\/v2\/types\/post"}],"author":[{"embeddable":true,"href":"https:\/\/gerardoduque.com.mx\/index.php?rest_route=\/wp\/v2\/users\/4"}],"replies":[{"embeddable":true,"href":"https:\/\/gerardoduque.com.mx\/index.php?rest_route=%2Fwp%2Fv2%2Fcomments&post=37034"}],"version-history":[{"count":0,"href":"https:\/\/gerardoduque.com.mx\/index.php?rest_route=\/wp\/v2\/posts\/37034\/revisions"}],"wp:featuredmedia":[{"embeddable":true,"href":"https:\/\/gerardoduque.com.mx\/index.php?rest_route=\/wp\/v2\/media\/37035"}],"wp:attachment":[{"href":"https:\/\/gerardoduque.com.mx\/index.php?rest_route=%2Fwp%2Fv2%2Fmedia&parent=37034"}],"wp:term":[{"taxonomy":"category","embeddable":true,"href":"https:\/\/gerardoduque.com.mx\/index.php?rest_route=%2Fwp%2Fv2%2Fcategories&post=37034"},{"taxonomy":"post_tag","embeddable":true,"href":"https:\/\/gerardoduque.com.mx\/index.php?rest_route=%2Fwp%2Fv2%2Ftags&post=37034"}],"curies":[{"name":"wp","href":"https:\/\/api.w.org\/{rel}","templated":true}]}}