{"id":37027,"date":"2025-05-31T14:06:48","date_gmt":"2025-05-31T20:06:48","guid":{"rendered":"https:\/\/gerardoduque.com.mx\/?p=37027"},"modified":"2025-05-31T14:06:56","modified_gmt":"2025-05-31T20:06:56","slug":"tromba-cayo-en-ciudad-valles-y-seguria-lloviendo","status":"publish","type":"post","link":"https:\/\/gerardoduque.com.mx\/?p=37027","title":{"rendered":"TROMBA CAY\u00d3 EN CIUDAD VALLES&#8230; Y SEGURI\u00c1 LLOVIENDO"},"content":{"rendered":"\n<p>Una tromba que dur\u00f3 alrededor de noventa minutos cay\u00f3 la tarde del viernes en la cabecera municipal. Adem\u00e1s, las lluvias intensas se prolongaron hasta la madrugada de este s\u00e1bado.<\/p>\n\n\n\n<p>El ayuntamiento y el gobierno estatal a trav\u00e9s de las coordinaciones de Protecci\u00f3n Civil, adem\u00e1s de los cuerpos de emergencia, desplegaron a decenas de elementos para atender diversos reportes de la ciudadan\u00eda.<\/p>\n\n\n\n<p>Se retiraron \u00e1rboles y anuncios que las fuertes rachas de vientos derribaron sobre calles y avenidas en la zona centro y en varias colonias; algunos cayeron sobre autom\u00f3viles.<\/p>\n\n\n\n<p>En la colonia Emiliano Zapata un hombre cay\u00f3 a un arroyo y qued\u00f3 atrapado entre la corriente, pero gracias a la inmediata acci\u00f3n de rescatistas se logr\u00f3 ponerlo a salvo.<\/p>\n\n\n\n<p>Varias avenidas y calles de sectores c\u00e9ntricos resultaron inundadas debido a que el sistema de desag\u00fce se vio rebasado por la cantidad de lluvia que cay\u00f3. Algunos autom\u00f3viles quedaron varados y tambi\u00e9n hubo coches arrastrados por la corriente.<\/p>\n\n\n\n<p>Los arroyos que cruzan la mancha urbana de la ciudad se desbordaron a la altura de varios puentes vehiculares. En el centro del municipio, el parque Rafael Curiel qued\u00f3 inundado, pues ah\u00ed atraviesa el \u201cArroyo de los puercos\u201d. Esa misma corriente interrumpi\u00f3 el acceso al puente de la colonia Ju\u00e1rez.<\/p>\n\n\n\n<p>Se registraron cortes en los servicios de energ\u00eda el\u00e9ctrica, de internet y de telefon\u00eda celular, pero fueron reestablecidos a la brevedad.<\/p>\n\n\n\n<p>Protecci\u00f3n Civil mantiene recorridos de vigilancia. Se reitera el llamado para que la poblaci\u00f3n evite cruzar r\u00edos, arroyos o corrientes, durante o despu\u00e9s de lluvias intensas, a fin de prevenir desgracias.<\/p>\n\n\n\n<p>Las autoridades contin\u00faan de manera permanente monitoreando los cuerpos de agua, pues se prev\u00e9 que la tarde de este s\u00e1bado las lluvias continuar\u00e1n. Protecci\u00f3n Civil Estatal advierte tambi\u00e9n la probabilidad de tormentas fuertes.<\/p>\n","protected":false},"excerpt":{"rendered":"<p>Ca\u00edda de \u00e1rboles , avenidas inundadas, arroyos desbordados, veh\u00edculos arrastrados y un hombre salvado de morir<\/p>\n","protected":false},"author":4,"featured_media":37028,"comment_status":"closed","ping_status":"closed","sticky":false,"template":"","format":"standard","meta":{"_et_pb_use_builder":"off","_et_pb_old_content":"","_et_gb_content_width":"","footnotes":""},"categories":[412,62],"tags":[],"class_list":["post-37027","post","type-post","status-publish","format-standard","has-post-thumbnail","hentry","category-destacado","category-redaccion"],"_links":{"self":[{"href":"https:\/\/gerardoduque.com.mx\/index.php?rest_route=\/wp\/v2\/posts\/37027","targetHints":{"allow":["GET"]}}],"collection":[{"href":"https:\/\/gerardoduque.com.mx\/index.php?rest_route=\/wp\/v2\/posts"}],"about":[{"href":"https:\/\/gerardoduque.com.mx\/index.php?rest_route=\/wp\/v2\/types\/post"}],"author":[{"embeddable":true,"href":"https:\/\/gerardoduque.com.mx\/index.php?rest_route=\/wp\/v2\/users\/4"}],"replies":[{"embeddable":true,"href":"https:\/\/gerardoduque.com.mx\/index.php?rest_route=%2Fwp%2Fv2%2Fcomments&post=37027"}],"version-history":[{"count":0,"href":"https:\/\/gerardoduque.com.mx\/index.php?rest_route=\/wp\/v2\/posts\/37027\/revisions"}],"wp:featuredmedia":[{"embeddable":true,"href":"https:\/\/gerardoduque.com.mx\/index.php?rest_route=\/wp\/v2\/media\/37028"}],"wp:attachment":[{"href":"https:\/\/gerardoduque.com.mx\/index.php?rest_route=%2Fwp%2Fv2%2Fmedia&parent=37027"}],"wp:term":[{"taxonomy":"category","embeddable":true,"href":"https:\/\/gerardoduque.com.mx\/index.php?rest_route=%2Fwp%2Fv2%2Fcategories&post=37027"},{"taxonomy":"post_tag","embeddable":true,"href":"https:\/\/gerardoduque.com.mx\/index.php?rest_route=%2Fwp%2Fv2%2Ftags&post=37027"}],"curies":[{"name":"wp","href":"https:\/\/api.w.org\/{rel}","templated":true}]}}