{"id":37004,"date":"2025-05-30T16:59:16","date_gmt":"2025-05-30T22:59:16","guid":{"rendered":"https:\/\/gerardoduque.com.mx\/?p=37004"},"modified":"2025-05-30T16:59:25","modified_gmt":"2025-05-30T22:59:25","slug":"habra-seguridad-permanente-en-el-estado-durante-el-proceso-electoral-del-domingo","status":"publish","type":"post","link":"https:\/\/gerardoduque.com.mx\/?p=37004","title":{"rendered":"HABR\u00c1 SEGURIDAD PERMANENTE EN EL ESTADO DURANTE EL PROCESO ELECTORAL DEL DOMINGO"},"content":{"rendered":"\n<p>La Mesa de Coordinaci\u00f3n para la Construcci\u00f3n de la Paz se instalar\u00e1 en sesi\u00f3n permanente el domingo 1 de junio y fortalecer\u00e1 la vigilancia antes, durante y despu\u00e9s del proceso electoral extraordinario.&nbsp;<\/p>\n\n\n\n<p>El secretario general de Gobierno, J. Guadalupe Torres S\u00e1nchez, afirm\u00f3 que esta medida refleja el compromiso del gobierno que encabeza Ricardo Gallardo para que la elecci\u00f3n transcurra sin contratiempos y en condiciones de tranquilidad, paz social y gobernabilidad.<\/p>\n\n\n\n<p>Durante la sesi\u00f3n, se convocar\u00e1 a los 59 ayuntamientos para mantener comunicaci\u00f3n constante y garantizar condiciones de orden y gobernabilidad, con presencia de fuerzas federales, del Ej\u00e9rcito y estatales de Seguridad, listas para actuar en las cuatro regiones.&nbsp;<\/p>\n\n\n\n<p>Como medida preventiva, entrar\u00e1 en vigor la ley seca desde las 00:00 horas del 31 de mayo hasta las 24:00 horas del 1 de junio, prohibiendo la venta, distribuci\u00f3n, consumo y suministro de alcohol, seg\u00fan la Ley Electoral y la Ley de Bebidas Alcoh\u00f3licas del Estado.<\/p>\n","protected":false},"excerpt":{"rendered":"<p>Se coordinar\u00e1n Ej\u00e9rcito, GCE y polic\u00edas municipales <\/p>\n","protected":false},"author":4,"featured_media":37006,"comment_status":"closed","ping_status":"closed","sticky":false,"template":"","format":"standard","meta":{"_et_pb_use_builder":"off","_et_pb_old_content":"","_et_gb_content_width":"","footnotes":""},"categories":[412,62],"tags":[],"class_list":["post-37004","post","type-post","status-publish","format-standard","has-post-thumbnail","hentry","category-destacado","category-redaccion"],"_links":{"self":[{"href":"https:\/\/gerardoduque.com.mx\/index.php?rest_route=\/wp\/v2\/posts\/37004","targetHints":{"allow":["GET"]}}],"collection":[{"href":"https:\/\/gerardoduque.com.mx\/index.php?rest_route=\/wp\/v2\/posts"}],"about":[{"href":"https:\/\/gerardoduque.com.mx\/index.php?rest_route=\/wp\/v2\/types\/post"}],"author":[{"embeddable":true,"href":"https:\/\/gerardoduque.com.mx\/index.php?rest_route=\/wp\/v2\/users\/4"}],"replies":[{"embeddable":true,"href":"https:\/\/gerardoduque.com.mx\/index.php?rest_route=%2Fwp%2Fv2%2Fcomments&post=37004"}],"version-history":[{"count":0,"href":"https:\/\/gerardoduque.com.mx\/index.php?rest_route=\/wp\/v2\/posts\/37004\/revisions"}],"wp:featuredmedia":[{"embeddable":true,"href":"https:\/\/gerardoduque.com.mx\/index.php?rest_route=\/wp\/v2\/media\/37006"}],"wp:attachment":[{"href":"https:\/\/gerardoduque.com.mx\/index.php?rest_route=%2Fwp%2Fv2%2Fmedia&parent=37004"}],"wp:term":[{"taxonomy":"category","embeddable":true,"href":"https:\/\/gerardoduque.com.mx\/index.php?rest_route=%2Fwp%2Fv2%2Fcategories&post=37004"},{"taxonomy":"post_tag","embeddable":true,"href":"https:\/\/gerardoduque.com.mx\/index.php?rest_route=%2Fwp%2Fv2%2Ftags&post=37004"}],"curies":[{"name":"wp","href":"https:\/\/api.w.org\/{rel}","templated":true}]}}