{"id":36912,"date":"2025-05-27T10:39:34","date_gmt":"2025-05-27T16:39:34","guid":{"rendered":"https:\/\/gerardoduque.com.mx\/?p=36912"},"modified":"2025-05-27T10:39:45","modified_gmt":"2025-05-27T16:39:45","slug":"proyectan-creacion-de-ley-de-proteccion-animal-en-el-estado","status":"publish","type":"post","link":"https:\/\/gerardoduque.com.mx\/?p=36912","title":{"rendered":"PROYECTAN CREACI\u00d3N DE LEY DE PROTECCI\u00d3N ANIMAL EN EL ESTADO"},"content":{"rendered":"\n<p>El Secretariado Ejecutivo del Consejo Estatal de Seguridad P\u00fablica y el Congreso del Estado coordinan esfuerzos en el tema de prevenci\u00f3n de maltrato animal para lo que revisan la Ley de Protecci\u00f3n a los Animales para el Estado de San Luis Potos\u00ed con el objetivo de analizar las \u00e1reas de oportunidad, derivado de las propuestas de los foros que realizan en las cuatro regiones.<\/p>\n\n\n\n<p>La titular del SECESP y un diputado local sostuvieron un encuentro donde se le present\u00f3 al legislador un panorama sobre la situaci\u00f3n de violencia que hay en contra de los animales y c\u00f3mo repercute en la sociedad; por ello, tambi\u00e9n se analizan algunas propuestas desde el punto de vista legal que se pueden impulsar para incluirlas en la Ley de Protecci\u00f3n a los Animales.<\/p>\n\n\n\n<p>Se a\u00f1adi\u00f3 que una de las acciones prioritarias a corto plazo es que los municipios dise\u00f1en un reglamento municipal de protecci\u00f3n animal, alineado a la Ley Estatal, por ello la importancia de trabajar conjuntamente con el Poder Legislativo.<\/p>\n","protected":false},"excerpt":{"rendered":"<p>Los reglamentos municipales deber\u00e1n estar alineados a la Ley Estatal.<\/p>\n","protected":false},"author":4,"featured_media":36913,"comment_status":"closed","ping_status":"closed","sticky":false,"template":"","format":"standard","meta":{"_et_pb_use_builder":"off","_et_pb_old_content":"","_et_gb_content_width":"","footnotes":""},"categories":[412,280],"tags":[72,66,344],"class_list":["post-36912","post","type-post","status-publish","format-standard","has-post-thumbnail","hentry","category-destacado","category-gob-slp","tag-gobierno-del-estado","tag-san-luis-potosi","tag-secesp"],"_links":{"self":[{"href":"https:\/\/gerardoduque.com.mx\/index.php?rest_route=\/wp\/v2\/posts\/36912","targetHints":{"allow":["GET"]}}],"collection":[{"href":"https:\/\/gerardoduque.com.mx\/index.php?rest_route=\/wp\/v2\/posts"}],"about":[{"href":"https:\/\/gerardoduque.com.mx\/index.php?rest_route=\/wp\/v2\/types\/post"}],"author":[{"embeddable":true,"href":"https:\/\/gerardoduque.com.mx\/index.php?rest_route=\/wp\/v2\/users\/4"}],"replies":[{"embeddable":true,"href":"https:\/\/gerardoduque.com.mx\/index.php?rest_route=%2Fwp%2Fv2%2Fcomments&post=36912"}],"version-history":[{"count":0,"href":"https:\/\/gerardoduque.com.mx\/index.php?rest_route=\/wp\/v2\/posts\/36912\/revisions"}],"wp:featuredmedia":[{"embeddable":true,"href":"https:\/\/gerardoduque.com.mx\/index.php?rest_route=\/wp\/v2\/media\/36913"}],"wp:attachment":[{"href":"https:\/\/gerardoduque.com.mx\/index.php?rest_route=%2Fwp%2Fv2%2Fmedia&parent=36912"}],"wp:term":[{"taxonomy":"category","embeddable":true,"href":"https:\/\/gerardoduque.com.mx\/index.php?rest_route=%2Fwp%2Fv2%2Fcategories&post=36912"},{"taxonomy":"post_tag","embeddable":true,"href":"https:\/\/gerardoduque.com.mx\/index.php?rest_route=%2Fwp%2Fv2%2Ftags&post=36912"}],"curies":[{"name":"wp","href":"https:\/\/api.w.org\/{rel}","templated":true}]}}