{"id":36909,"date":"2025-05-27T10:34:35","date_gmt":"2025-05-27T16:34:35","guid":{"rendered":"https:\/\/gerardoduque.com.mx\/?p=36909"},"modified":"2025-05-27T10:34:45","modified_gmt":"2025-05-27T16:34:45","slug":"inician-trabajos-de-modernizacion-de-central-de-abastos","status":"publish","type":"post","link":"https:\/\/gerardoduque.com.mx\/?p=36909","title":{"rendered":"INICIAN TRABAJOS DE MODERNIZACI\u00d3N DE CENTRAL DE ABASTOS"},"content":{"rendered":"\n<p>El Gobernador del Estado de San Luis Potos\u00ed Ricardo Gallardo Cardona comenz\u00f3 la modernizaci\u00f3n de la Central de Abastos donde la retroexcavadora hundi\u00f3 su pico neum\u00e1tico en el viejo piso de la calle Sexta y marc\u00f3 el comienzo para la dignificaci\u00f3n del comercio en este importante lugar.<\/p>\n\n\n\n<p>El Gobernador anunci\u00f3 que se instalar\u00e1 un espejo del C5i2 que permitir\u00e1 un entorno m\u00e1s seguro con vigilancia las 24 horas y atenci\u00f3n de la Guardia Civil Estatal.<\/p>\n\n\n\n<p>La reconstrucci\u00f3n de las calles tendr\u00e1 una inversi\u00f3n p\u00fablica de 200 millones de pesos para brindar movilidad, seguridad y plusval\u00eda a este sector. Adem\u00e1s, estas obras se realizar\u00e1n con concreto hidr\u00e1ulico de calidad y que se renovar\u00e1n por completo el drenaje y las tomas de agua comerciales, banquetas y se\u00f1al\u00e9tica vial.<\/p>\n","protected":false},"excerpt":{"rendered":"<p>Se anunci\u00f3 tambi\u00e9n que instalar\u00e1n un espejo del C5i2 que permitir\u00e1 un entorno m\u00e1s seguro con vigilancia las 24 horas y atenci\u00f3n de la Guardia Civil Estatal.<\/p>\n","protected":false},"author":4,"featured_media":36910,"comment_status":"closed","ping_status":"closed","sticky":false,"template":"","format":"standard","meta":{"_et_pb_use_builder":"off","_et_pb_old_content":"","_et_gb_content_width":"","footnotes":""},"categories":[412,280],"tags":[72,66],"class_list":["post-36909","post","type-post","status-publish","format-standard","has-post-thumbnail","hentry","category-destacado","category-gob-slp","tag-gobierno-del-estado","tag-san-luis-potosi"],"_links":{"self":[{"href":"https:\/\/gerardoduque.com.mx\/index.php?rest_route=\/wp\/v2\/posts\/36909","targetHints":{"allow":["GET"]}}],"collection":[{"href":"https:\/\/gerardoduque.com.mx\/index.php?rest_route=\/wp\/v2\/posts"}],"about":[{"href":"https:\/\/gerardoduque.com.mx\/index.php?rest_route=\/wp\/v2\/types\/post"}],"author":[{"embeddable":true,"href":"https:\/\/gerardoduque.com.mx\/index.php?rest_route=\/wp\/v2\/users\/4"}],"replies":[{"embeddable":true,"href":"https:\/\/gerardoduque.com.mx\/index.php?rest_route=%2Fwp%2Fv2%2Fcomments&post=36909"}],"version-history":[{"count":0,"href":"https:\/\/gerardoduque.com.mx\/index.php?rest_route=\/wp\/v2\/posts\/36909\/revisions"}],"wp:featuredmedia":[{"embeddable":true,"href":"https:\/\/gerardoduque.com.mx\/index.php?rest_route=\/wp\/v2\/media\/36910"}],"wp:attachment":[{"href":"https:\/\/gerardoduque.com.mx\/index.php?rest_route=%2Fwp%2Fv2%2Fmedia&parent=36909"}],"wp:term":[{"taxonomy":"category","embeddable":true,"href":"https:\/\/gerardoduque.com.mx\/index.php?rest_route=%2Fwp%2Fv2%2Fcategories&post=36909"},{"taxonomy":"post_tag","embeddable":true,"href":"https:\/\/gerardoduque.com.mx\/index.php?rest_route=%2Fwp%2Fv2%2Ftags&post=36909"}],"curies":[{"name":"wp","href":"https:\/\/api.w.org\/{rel}","templated":true}]}}