{"id":36895,"date":"2025-05-26T14:30:53","date_gmt":"2025-05-26T20:30:53","guid":{"rendered":"https:\/\/gerardoduque.com.mx\/?p=36895"},"modified":"2025-05-26T14:31:03","modified_gmt":"2025-05-26T20:31:03","slug":"gerente-tecnica-del-infonavit-en-slp-es-denunciada-ante-el-titular-nacional-del-instituto","status":"publish","type":"post","link":"https:\/\/gerardoduque.com.mx\/?p=36895","title":{"rendered":"GERENTE T\u00c9CNICA DEL INFONAVIT EN SLP ES DENUNCIADA ANTE EL TITULAR NACIONAL DEL INSTITUTO"},"content":{"rendered":"\n<p>El pasado 22 de mayo, constructores, desarrolladores, verificadores, valuadores, agentes de seguros y derechohabientes del Infonavit en San Luis Potos\u00ed, entregaron al&nbsp;director general del INFONAVIT una carpeta con denuncias y pruebas que documentan a\u00f1os de irregularidades cometidas en la Gerencia T\u00e9cnica local, cuya titular es la arquitecta&nbsp;Wendy Castillo Mendoza.<\/p>\n\n\n\n<p>Octavio Romero Oropeza, director del INFONAVIT a nivel nacional recibi\u00f3 las quejas donde se sustenta que bajo la gesti\u00f3n de Wendy Castillo Mendoza en San Luis Potos\u00ed se han bloqueado cr\u00e9ditos, especialmente para peque\u00f1os constructores, y programas como \u00abCrediterreno para mi hogar\u00bb (L\u00ednea III), generando obst\u00e1culos injustificados que impiden a los derechohabientes ejercer su derecho al cr\u00e9dito.<\/p>\n\n\n\n<p>Los afectados aseguran que las decisiones no se toman con base en los lineamientos del INFONAVIT, sino a discreci\u00f3n del personal del \u00e1rea t\u00e9cnica, lo que ha resultado en un da\u00f1o directo para quienes buscan acceder a una vivienda.<\/p>\n\n\n\n<p>Las denuncias piden revisar el funcionamiento de la Gerencia T\u00e9cnica y&nbsp;solicitan la destituci\u00f3n de Wendy Castillo Mendoza, argumentando que durante a\u00f1os sus acciones han perjudicado a cientos de derechohabientes.<\/p>\n\n\n\n<p>Durante la entrega de estas pruebas en visita a la delegaci\u00f3n en San Luis Potos\u00ed, Octavio Romero Oropeza escuch\u00f3 las inquietudes de los afectados y se mostr\u00f3 receptivo, incluso invit\u00e1ndolos a sumar al programa de viviendas del Bienestar.<\/p>\n\n\n\n<p>Sin embargo, los denunciantes le hicieron ver que, si es casi imposible colocar una sola vivienda por los bloqueos de la Gerencia T\u00e9cnica, menos se podr\u00e1n sumar al programa.<\/p>\n\n\n\n<p>Tambi\u00e9n estuvo presente el director de Vivienda del Infonavit, Orlando Camarillo Ruiz, quien al finalizar la reuni\u00f3n se comprometi\u00f3 a revisar el expediente entregado y dar seguimiento a las denuncias.<\/p>\n\n\n\n<p>Los afectados esperan que las autoridades act\u00faen y revisen a fondo las operaciones de la Gerencia T\u00e9cnica en San Luis Potos\u00ed para que los cr\u00e9ditos del Infonavit lleguen realmente a quienes los necesitan y no sigan dependiendo de decisiones arbitrarias.&nbsp;Mientras tanto, el descontento crece entre los peque\u00f1os constructores y derechohabientes que ven truncados sus proyectos por los bloqueos sistem\u00e1ticos de esta oficina.<\/p>\n","protected":false},"excerpt":{"rendered":"<p>Presentan pruebas de irregularidades cometidas por la funcionaria <\/p>\n","protected":false},"author":4,"featured_media":36896,"comment_status":"closed","ping_status":"closed","sticky":false,"template":"","format":"standard","meta":{"_et_pb_use_builder":"off","_et_pb_old_content":"","_et_gb_content_width":"","footnotes":""},"categories":[412,62],"tags":[],"class_list":["post-36895","post","type-post","status-publish","format-standard","has-post-thumbnail","hentry","category-destacado","category-redaccion"],"_links":{"self":[{"href":"https:\/\/gerardoduque.com.mx\/index.php?rest_route=\/wp\/v2\/posts\/36895","targetHints":{"allow":["GET"]}}],"collection":[{"href":"https:\/\/gerardoduque.com.mx\/index.php?rest_route=\/wp\/v2\/posts"}],"about":[{"href":"https:\/\/gerardoduque.com.mx\/index.php?rest_route=\/wp\/v2\/types\/post"}],"author":[{"embeddable":true,"href":"https:\/\/gerardoduque.com.mx\/index.php?rest_route=\/wp\/v2\/users\/4"}],"replies":[{"embeddable":true,"href":"https:\/\/gerardoduque.com.mx\/index.php?rest_route=%2Fwp%2Fv2%2Fcomments&post=36895"}],"version-history":[{"count":0,"href":"https:\/\/gerardoduque.com.mx\/index.php?rest_route=\/wp\/v2\/posts\/36895\/revisions"}],"wp:featuredmedia":[{"embeddable":true,"href":"https:\/\/gerardoduque.com.mx\/index.php?rest_route=\/wp\/v2\/media\/36896"}],"wp:attachment":[{"href":"https:\/\/gerardoduque.com.mx\/index.php?rest_route=%2Fwp%2Fv2%2Fmedia&parent=36895"}],"wp:term":[{"taxonomy":"category","embeddable":true,"href":"https:\/\/gerardoduque.com.mx\/index.php?rest_route=%2Fwp%2Fv2%2Fcategories&post=36895"},{"taxonomy":"post_tag","embeddable":true,"href":"https:\/\/gerardoduque.com.mx\/index.php?rest_route=%2Fwp%2Fv2%2Ftags&post=36895"}],"curies":[{"name":"wp","href":"https:\/\/api.w.org\/{rel}","templated":true}]}}