{"id":36891,"date":"2025-05-26T13:59:40","date_gmt":"2025-05-26T19:59:40","guid":{"rendered":"https:\/\/gerardoduque.com.mx\/?p=36891"},"modified":"2025-05-26T13:59:51","modified_gmt":"2025-05-26T19:59:51","slug":"hector-vega-robles-pide-marcar-el-numero-37-en-la-boleta-rosa","status":"publish","type":"post","link":"https:\/\/gerardoduque.com.mx\/?p=36891","title":{"rendered":"H\u00c9CTOR VEGA ROBLES PIDE MARCAR EL N\u00daMERO 37 EN LA BOLETA ROSA"},"content":{"rendered":"\n<p>En el marco de las pr\u00f3ximas elecciones del 1 de junio, H\u00e9ctor Vega Robles, candidato a magistrado del Supremo Tribunal de Justicia del Estado, ha destacado la importancia de la jornada electoral y compartido detalles sobre su trayectoria profesional.<\/p>\n\n\n\n<p>Vega Robles calific\u00f3 la jornada como hist\u00f3rica, ya que los ciudadanos tendr\u00e1n la oportunidad de elegir a jueces y magistrados tanto a nivel federal como estatal. Explic\u00f3 que los votantes recibir\u00e1n nueve boletas: tres federales con el logotipo del INE y tres locales con el de CEEPAC (rosa, azul y verde). Para votar por \u00e9l, los ciudadanos deber\u00e1n marcar el n\u00famero 37 en la boleta rosa de CEEPAC, correspondiente a los cargos de magistrados varones.<\/p>\n\n\n\n<p>Con 35 a\u00f1os de experiencia como abogado, 15 de ellos en la funci\u00f3n p\u00fablica en \u00e1reas como procuraci\u00f3n y administraci\u00f3n de justicia, as\u00ed como en temas de seguridad, Vega Robles resalt\u00f3 su trayectoria. Adem\u00e1s, cuenta con 18 a\u00f1os como catedr\u00e1tico en la Facultad de Derecho de la Universidad Aut\u00f3noma de San Luis Potos\u00ed, donde ha impartido materias de derecho penal y capacitado a m\u00e1s de 5 mil estudiantes y profesionales en el sistema de juicios orales. Es maestro en Pol\u00edtica Criminal por la misma universidad y posee una certificaci\u00f3n nacional como docente.<\/p>\n\n\n\n<p>El candidato subray\u00f3 que es el \u00fanico aspirante a magistrado que fue evaluado y propuesto por los tres comit\u00e9s de los poderes Ejecutivo, Legislativo y Judicial, destacando su experiencia, honorabilidad y buena fama p\u00fablica. Invit\u00f3 a la ciudadan\u00eda a conocer los perfiles de los candidatos en las p\u00e1ginas del INE y CEEPAC.<\/p>\n\n\n\n<p>Las votaciones se llevar\u00e1n a cabo el 1 de junio en un horario de 8:00 de la ma\u00f1ana a 6:00 de la tarde en las casillas habituales.<\/p>\n\n\n\n<p>Vega Robles hizo un llamado a salir a votar y ejercer este derecho constitucional, recordando que su candidatura aparece en la boleta rosa, n\u00famero 37.<\/p>\n\n\n\n<p>\u201cLos invito a que este domingo ejerzan su derecho a votar. No olviden marcar el n\u00famero 37 en la boleta rosa de CEPAC\u201d, enfatiz\u00f3 el candidato.<\/p>\n\n\n\n<p>Para m\u00e1s informaci\u00f3n sobre los candidatos, se puede consultar el sitio web del INE y CEEPAC.<\/p>\n","protected":false},"excerpt":{"rendered":"<p>En las elecciones del pr\u00f3ximo domingo <\/p>\n","protected":false},"author":4,"featured_media":36892,"comment_status":"closed","ping_status":"closed","sticky":false,"template":"","format":"standard","meta":{"_et_pb_use_builder":"off","_et_pb_old_content":"","_et_gb_content_width":"","footnotes":""},"categories":[412,62],"tags":[],"class_list":["post-36891","post","type-post","status-publish","format-standard","has-post-thumbnail","hentry","category-destacado","category-redaccion"],"_links":{"self":[{"href":"https:\/\/gerardoduque.com.mx\/index.php?rest_route=\/wp\/v2\/posts\/36891","targetHints":{"allow":["GET"]}}],"collection":[{"href":"https:\/\/gerardoduque.com.mx\/index.php?rest_route=\/wp\/v2\/posts"}],"about":[{"href":"https:\/\/gerardoduque.com.mx\/index.php?rest_route=\/wp\/v2\/types\/post"}],"author":[{"embeddable":true,"href":"https:\/\/gerardoduque.com.mx\/index.php?rest_route=\/wp\/v2\/users\/4"}],"replies":[{"embeddable":true,"href":"https:\/\/gerardoduque.com.mx\/index.php?rest_route=%2Fwp%2Fv2%2Fcomments&post=36891"}],"version-history":[{"count":0,"href":"https:\/\/gerardoduque.com.mx\/index.php?rest_route=\/wp\/v2\/posts\/36891\/revisions"}],"wp:featuredmedia":[{"embeddable":true,"href":"https:\/\/gerardoduque.com.mx\/index.php?rest_route=\/wp\/v2\/media\/36892"}],"wp:attachment":[{"href":"https:\/\/gerardoduque.com.mx\/index.php?rest_route=%2Fwp%2Fv2%2Fmedia&parent=36891"}],"wp:term":[{"taxonomy":"category","embeddable":true,"href":"https:\/\/gerardoduque.com.mx\/index.php?rest_route=%2Fwp%2Fv2%2Fcategories&post=36891"},{"taxonomy":"post_tag","embeddable":true,"href":"https:\/\/gerardoduque.com.mx\/index.php?rest_route=%2Fwp%2Fv2%2Ftags&post=36891"}],"curies":[{"name":"wp","href":"https:\/\/api.w.org\/{rel}","templated":true}]}}