{"id":36869,"date":"2025-05-26T06:37:31","date_gmt":"2025-05-26T12:37:31","guid":{"rendered":"https:\/\/gerardoduque.com.mx\/?p=36869"},"modified":"2025-05-26T06:37:40","modified_gmt":"2025-05-26T12:37:40","slug":"comite-del-manejo-del-fuego-informo-que-no-hay-incendios-forestales-activos-en-la-entidad","status":"publish","type":"post","link":"https:\/\/gerardoduque.com.mx\/?p=36869","title":{"rendered":"COMIT\u00c9 DEL MANEJO DEL FUEGO INFORM\u00d3 QUE NO HAY INCENDIOS FORESTALES ACTIVOS EN LA ENTIDAD"},"content":{"rendered":"\n<p>El Comit\u00e9 del Manejo del Fuego informa que, al momento, no hay incendios activos en la entidad. El \u00faltimo incendio registrado fue el de Lagunillas en la comunidad de Tam\u00e1n, el cual como se pudo apreciar en el monitoreo a\u00e9reo que se realiz\u00f3 este viernes se encuentra liquidado.<\/p>\n\n\n\n<p>El comit\u00e9 inform\u00f3 que aunque la temporada cr\u00edtica de incendios forestales est\u00e1 llegando a su fin ya que concluye el 30 de junio, no se debe de bajar la guardia ya que las temperaturas a\u00fan pueden generar riesgos de incendios forestales.<\/p>\n\n\n\n<p>Ante esto hace un llamado a evitar realizar quemas agr\u00edcolas en horarios no permitidos y de no hacer fogatas, para prevenir nuevos incidentes y proteger la seguridad de la poblaci\u00f3n y el medio ambiente.<\/p>\n","protected":false},"excerpt":{"rendered":"<p>El comit\u00e9 pidi\u00f3 a la poblaci\u00f3n a seguir realizando acciones de prevenci\u00f3n para evitar que se generen incendios forestales.<\/p>\n","protected":false},"author":4,"featured_media":36870,"comment_status":"closed","ping_status":"closed","sticky":false,"template":"","format":"standard","meta":{"_et_pb_use_builder":"off","_et_pb_old_content":"","_et_gb_content_width":"","footnotes":""},"categories":[412,280],"tags":[72,66],"class_list":["post-36869","post","type-post","status-publish","format-standard","has-post-thumbnail","hentry","category-destacado","category-gob-slp","tag-gobierno-del-estado","tag-san-luis-potosi"],"_links":{"self":[{"href":"https:\/\/gerardoduque.com.mx\/index.php?rest_route=\/wp\/v2\/posts\/36869","targetHints":{"allow":["GET"]}}],"collection":[{"href":"https:\/\/gerardoduque.com.mx\/index.php?rest_route=\/wp\/v2\/posts"}],"about":[{"href":"https:\/\/gerardoduque.com.mx\/index.php?rest_route=\/wp\/v2\/types\/post"}],"author":[{"embeddable":true,"href":"https:\/\/gerardoduque.com.mx\/index.php?rest_route=\/wp\/v2\/users\/4"}],"replies":[{"embeddable":true,"href":"https:\/\/gerardoduque.com.mx\/index.php?rest_route=%2Fwp%2Fv2%2Fcomments&post=36869"}],"version-history":[{"count":0,"href":"https:\/\/gerardoduque.com.mx\/index.php?rest_route=\/wp\/v2\/posts\/36869\/revisions"}],"wp:featuredmedia":[{"embeddable":true,"href":"https:\/\/gerardoduque.com.mx\/index.php?rest_route=\/wp\/v2\/media\/36870"}],"wp:attachment":[{"href":"https:\/\/gerardoduque.com.mx\/index.php?rest_route=%2Fwp%2Fv2%2Fmedia&parent=36869"}],"wp:term":[{"taxonomy":"category","embeddable":true,"href":"https:\/\/gerardoduque.com.mx\/index.php?rest_route=%2Fwp%2Fv2%2Fcategories&post=36869"},{"taxonomy":"post_tag","embeddable":true,"href":"https:\/\/gerardoduque.com.mx\/index.php?rest_route=%2Fwp%2Fv2%2Ftags&post=36869"}],"curies":[{"name":"wp","href":"https:\/\/api.w.org\/{rel}","templated":true}]}}