{"id":36850,"date":"2025-05-25T07:32:51","date_gmt":"2025-05-25T13:32:51","guid":{"rendered":"https:\/\/gerardoduque.com.mx\/?p=36850"},"modified":"2025-05-25T07:33:02","modified_gmt":"2025-05-25T13:33:02","slug":"alistan-operativo-de-proteccion-civil-en-la-fenapo-2025","status":"publish","type":"post","link":"https:\/\/gerardoduque.com.mx\/?p=36850","title":{"rendered":"ALISTAN OPERATIVO DE PROTECCI\u00d3N CIVIL EN LA FENAPO 2025"},"content":{"rendered":"\n<p>La Coordinaci\u00f3n Estatal de Protecci\u00f3n Civil inform\u00f3 que implementar\u00e1 un operativo de seguridad y vigilancia que se aplicar\u00e1 antes, durante y en el cierre de la Feria Nacional Potosina en su edici\u00f3n 2025, para prevenir incidentes que pongan en riesgo la integridad de los visitantes y actuar de inmediato en caso de presentarse alguno.&nbsp;<\/p>\n\n\n\n<p>Al respecto, secretario general de Gobierno, dijo que la intenci\u00f3n es proteger a las familias y visitantes, por lo que sostuvo una reuni\u00f3n con el titular de Protecci\u00f3n Civil Estatal, quien coordinar\u00e1 a los cuerpos de seguridad estatales y federales as\u00ed como otras instituciones de auxilio como Bomberos y Cruz Roja.<\/p>\n\n\n\n<p>Detall\u00f3 que se inspeccionar\u00e1n diferentes \u00e1reas del recinto como los juegos mec\u00e1nicos, la zona de antros, la muestra gastron\u00f3mica, donde se les pedir\u00e1n programas internos, dict\u00e1menes el\u00e9ctricos y de gas, capacitaciones en los cuatro cursos b\u00e1sicos de protecci\u00f3n civil, salidas de emergencia, extintores vigentes y se\u00f1al\u00e9tica. Adem\u00e1s, se redoblar\u00e1n esfuerzos en las presentaciones art\u00edsticas en el Foro Teatro del Pueblo.<\/p>\n","protected":false},"excerpt":{"rendered":"<p>La Coordinaci\u00f3n Estatal de Protecci\u00f3n Civil implementar\u00e1 el operativo de inspecci\u00f3n a todas las \u00e1reas del recinto.<\/p>\n","protected":false},"author":4,"featured_media":36851,"comment_status":"closed","ping_status":"closed","sticky":false,"template":"","format":"standard","meta":{"_et_pb_use_builder":"off","_et_pb_old_content":"","_et_gb_content_width":"","footnotes":""},"categories":[412,280],"tags":[190,72,66],"class_list":["post-36850","post","type-post","status-publish","format-standard","has-post-thumbnail","hentry","category-destacado","category-gob-slp","tag-cepc","tag-gobierno-del-estado","tag-san-luis-potosi"],"_links":{"self":[{"href":"https:\/\/gerardoduque.com.mx\/index.php?rest_route=\/wp\/v2\/posts\/36850","targetHints":{"allow":["GET"]}}],"collection":[{"href":"https:\/\/gerardoduque.com.mx\/index.php?rest_route=\/wp\/v2\/posts"}],"about":[{"href":"https:\/\/gerardoduque.com.mx\/index.php?rest_route=\/wp\/v2\/types\/post"}],"author":[{"embeddable":true,"href":"https:\/\/gerardoduque.com.mx\/index.php?rest_route=\/wp\/v2\/users\/4"}],"replies":[{"embeddable":true,"href":"https:\/\/gerardoduque.com.mx\/index.php?rest_route=%2Fwp%2Fv2%2Fcomments&post=36850"}],"version-history":[{"count":0,"href":"https:\/\/gerardoduque.com.mx\/index.php?rest_route=\/wp\/v2\/posts\/36850\/revisions"}],"wp:featuredmedia":[{"embeddable":true,"href":"https:\/\/gerardoduque.com.mx\/index.php?rest_route=\/wp\/v2\/media\/36851"}],"wp:attachment":[{"href":"https:\/\/gerardoduque.com.mx\/index.php?rest_route=%2Fwp%2Fv2%2Fmedia&parent=36850"}],"wp:term":[{"taxonomy":"category","embeddable":true,"href":"https:\/\/gerardoduque.com.mx\/index.php?rest_route=%2Fwp%2Fv2%2Fcategories&post=36850"},{"taxonomy":"post_tag","embeddable":true,"href":"https:\/\/gerardoduque.com.mx\/index.php?rest_route=%2Fwp%2Fv2%2Ftags&post=36850"}],"curies":[{"name":"wp","href":"https:\/\/api.w.org\/{rel}","templated":true}]}}