{"id":36844,"date":"2025-05-25T00:26:33","date_gmt":"2025-05-25T06:26:33","guid":{"rendered":"https:\/\/gerardoduque.com.mx\/?p=36844"},"modified":"2025-05-25T00:26:43","modified_gmt":"2025-05-25T06:26:43","slug":"en-coche-con-logotipos-de-telmex-instalaba-videocamaras-para-la-delincuencia","status":"publish","type":"post","link":"https:\/\/gerardoduque.com.mx\/?p=36844","title":{"rendered":"EN COCHE CON LOGOTIPOS DE TELMEX INSTALABA VIDEOC\u00c1MARAS PARA LA DELINCUENCIA"},"content":{"rendered":"\n<p>En Ciudad Valles, agentes de la Guardia Civil Estatal procedieron con la detenci\u00f3n de un sujeto que simulaba ser trabajador de la empresa TELMEX.<\/p>\n\n\n\n<p>El detenido fue identificado como Luis \u201cN\u201d, de 47 a\u00f1os de edad.<\/p>\n\n\n\n<p>El individuo se dedicaba a instalar c\u00e1maras de videovigilancia en diversos puntos del municipio sin la autorizaci\u00f3n de los propietarios de los inmuebles. Los videos captados por los equipos que instalaba \u201cLuis\u201d serv\u00edan a un grupo delictivo que opera en la zona.<\/p>\n\n\n\n<p>El ahora detenido se desplazaba en un veh\u00edculo clonado, con caracter\u00edsticas similares a los que utilizan los empleados de la compa\u00f1\u00eda telef\u00f3nica. Tambi\u00e9n portaba uniforme ap\u00f3crifo de dicha empresa.<\/p>\n\n\n\n<p>La detenci\u00f3n del sujeto tuvo lugar sobre la carretera federal 70 Valles &#8211; Tampico, donde se le ubic\u00f3 tripulando un autom\u00f3vil Nissan March, modelo 2016, color blanco con azul, con rotulaci\u00f3n semejante a la de TELMEX, el cual presuntamente es clonado.<\/p>\n\n\n\n<p>En el sitio tambi\u00e9n se asegur\u00f3 equipo diverso, entre ellos una c\u00e1mara de videovigilancia, una c\u00e1mara con leyenda TELMEX, un cable de alimentaci\u00f3n el\u00e9ctrica y 10 artefactos met\u00e1licos com\u00fanmente denominados \u201cponcha llantas\u201d.<\/p>\n\n\n\n<p>El equipo asegurado y el detenido fueron puestos a disposici\u00f3n de la Fiscal\u00eda General del Estado, a fin de que se realicen las investigaciones correspondientes.<\/p>\n\n\n\n<p>En un operativo paralelo, en Valles, la noche de este viernes elementos de la SEDENA en coordinaci\u00f3n con la Guardia Civil Estatal desmantelaron varias videoc\u00e1maras y m\u00f3dems que se encontraban instalados en puntos estrat\u00e9gicos de la ciudad como el bulevar M\u00e9xico \u2013 Laredo.<\/p>\n","protected":false},"excerpt":{"rendered":"<p>El sujeto detenido operaba en Ciudad Valles  <\/p>\n","protected":false},"author":4,"featured_media":36845,"comment_status":"closed","ping_status":"closed","sticky":false,"template":"","format":"standard","meta":{"_et_pb_use_builder":"off","_et_pb_old_content":"","_et_gb_content_width":"","footnotes":""},"categories":[412,62],"tags":[],"class_list":["post-36844","post","type-post","status-publish","format-standard","has-post-thumbnail","hentry","category-destacado","category-redaccion"],"_links":{"self":[{"href":"https:\/\/gerardoduque.com.mx\/index.php?rest_route=\/wp\/v2\/posts\/36844","targetHints":{"allow":["GET"]}}],"collection":[{"href":"https:\/\/gerardoduque.com.mx\/index.php?rest_route=\/wp\/v2\/posts"}],"about":[{"href":"https:\/\/gerardoduque.com.mx\/index.php?rest_route=\/wp\/v2\/types\/post"}],"author":[{"embeddable":true,"href":"https:\/\/gerardoduque.com.mx\/index.php?rest_route=\/wp\/v2\/users\/4"}],"replies":[{"embeddable":true,"href":"https:\/\/gerardoduque.com.mx\/index.php?rest_route=%2Fwp%2Fv2%2Fcomments&post=36844"}],"version-history":[{"count":0,"href":"https:\/\/gerardoduque.com.mx\/index.php?rest_route=\/wp\/v2\/posts\/36844\/revisions"}],"wp:featuredmedia":[{"embeddable":true,"href":"https:\/\/gerardoduque.com.mx\/index.php?rest_route=\/wp\/v2\/media\/36845"}],"wp:attachment":[{"href":"https:\/\/gerardoduque.com.mx\/index.php?rest_route=%2Fwp%2Fv2%2Fmedia&parent=36844"}],"wp:term":[{"taxonomy":"category","embeddable":true,"href":"https:\/\/gerardoduque.com.mx\/index.php?rest_route=%2Fwp%2Fv2%2Fcategories&post=36844"},{"taxonomy":"post_tag","embeddable":true,"href":"https:\/\/gerardoduque.com.mx\/index.php?rest_route=%2Fwp%2Fv2%2Ftags&post=36844"}],"curies":[{"name":"wp","href":"https:\/\/api.w.org\/{rel}","templated":true}]}}