{"id":36826,"date":"2025-05-24T08:32:26","date_gmt":"2025-05-24T14:32:26","guid":{"rendered":"https:\/\/gerardoduque.com.mx\/?p=36826"},"modified":"2025-05-24T08:32:34","modified_gmt":"2025-05-24T14:32:34","slug":"inicia-proceso-para-elegir-nueva-direccion-de-la-orquesta-sinfonica-de-slp","status":"publish","type":"post","link":"https:\/\/gerardoduque.com.mx\/?p=36826","title":{"rendered":"INICIA PROCESO PARA ELEGIR NUEVA DIRECCI\u00d3N DE LA ORQUESTA SINF\u00d3NICA DE SLP"},"content":{"rendered":"\n<p>El Gobierno del Estado, a trav\u00e9s de la Secretar\u00eda de Cultura dio a conocer el inicio del proceso para seleccionar a la nueva direcci\u00f3n general de la Orquesta Sinf\u00f3nica de San Luis Potos\u00ed.<\/p>\n\n\n\n<p>El proceso ser\u00e1 coordinado por el maestro Eduardo Garc\u00eda Barrios, con destacada trayectoria y figura reconocida del \u00e1mbito cultural, quien garantizar\u00e1 que la elecci\u00f3n sea transparente y con altos est\u00e1ndares art\u00edsticos.<\/p>\n\n\n\n<p>La convocatoria consta de cuatro etapas: revisi\u00f3n de documentos, preselecci\u00f3n por comit\u00e9 art\u00edstico, audiciones y votaci\u00f3n final por parte de los m\u00fasicos de la OSSLP. Los aspirantes deber\u00e1n contar con formaci\u00f3n en Direcci\u00f3n de Orquesta y al menos ocho a\u00f1os de experiencia. La informaci\u00f3n completa estar\u00e1 disponible en el sitio web y redes de la Secretar\u00eda de Cultura.<\/p>\n","protected":false},"excerpt":{"rendered":"<p>Se abre convocatoria internacional con participaci\u00f3n de la comunidad art\u00edstica.<\/p>\n","protected":false},"author":4,"featured_media":36827,"comment_status":"closed","ping_status":"closed","sticky":false,"template":"","format":"standard","meta":{"_et_pb_use_builder":"off","_et_pb_old_content":"","_et_gb_content_width":"","footnotes":""},"categories":[412,280],"tags":[72,66,200],"class_list":["post-36826","post","type-post","status-publish","format-standard","has-post-thumbnail","hentry","category-destacado","category-gob-slp","tag-gobierno-del-estado","tag-san-luis-potosi","tag-secult"],"_links":{"self":[{"href":"https:\/\/gerardoduque.com.mx\/index.php?rest_route=\/wp\/v2\/posts\/36826","targetHints":{"allow":["GET"]}}],"collection":[{"href":"https:\/\/gerardoduque.com.mx\/index.php?rest_route=\/wp\/v2\/posts"}],"about":[{"href":"https:\/\/gerardoduque.com.mx\/index.php?rest_route=\/wp\/v2\/types\/post"}],"author":[{"embeddable":true,"href":"https:\/\/gerardoduque.com.mx\/index.php?rest_route=\/wp\/v2\/users\/4"}],"replies":[{"embeddable":true,"href":"https:\/\/gerardoduque.com.mx\/index.php?rest_route=%2Fwp%2Fv2%2Fcomments&post=36826"}],"version-history":[{"count":0,"href":"https:\/\/gerardoduque.com.mx\/index.php?rest_route=\/wp\/v2\/posts\/36826\/revisions"}],"wp:featuredmedia":[{"embeddable":true,"href":"https:\/\/gerardoduque.com.mx\/index.php?rest_route=\/wp\/v2\/media\/36827"}],"wp:attachment":[{"href":"https:\/\/gerardoduque.com.mx\/index.php?rest_route=%2Fwp%2Fv2%2Fmedia&parent=36826"}],"wp:term":[{"taxonomy":"category","embeddable":true,"href":"https:\/\/gerardoduque.com.mx\/index.php?rest_route=%2Fwp%2Fv2%2Fcategories&post=36826"},{"taxonomy":"post_tag","embeddable":true,"href":"https:\/\/gerardoduque.com.mx\/index.php?rest_route=%2Fwp%2Fv2%2Ftags&post=36826"}],"curies":[{"name":"wp","href":"https:\/\/api.w.org\/{rel}","templated":true}]}}