{"id":36819,"date":"2025-05-23T19:52:08","date_gmt":"2025-05-24T01:52:08","guid":{"rendered":"https:\/\/gerardoduque.com.mx\/?p=36819"},"modified":"2025-05-23T19:52:16","modified_gmt":"2025-05-24T01:52:16","slug":"hombre-secuestrado-en-rioverde-recobro-su-libertad-sin-ayuda-de-autoridades","status":"publish","type":"post","link":"https:\/\/gerardoduque.com.mx\/?p=36819","title":{"rendered":"HOMBRE SECUESTRADO EN RIOVERDE RECOBR\u00d3 SU LIBERTAD SIN AYUDA DE AUTORIDADES"},"content":{"rendered":"\n<p>Un hombre originario del estado de Puebla fue privado de la libertad en la zona Media de San Luis Potos\u00ed.<\/p>\n\n\n\n<p>Tras el suceso, no se reporta ninguna detenci\u00f3n.<\/p>\n\n\n\n<p>Fuentes de seguridad confirmaron que la v\u00edctima logr\u00f3 recobrar la libertad sin que interviniera autoridad alguna.<\/p>\n\n\n\n<p>Despu\u00e9s el hombre comenz\u00f3 a caminar en la v\u00eda p\u00fablica en la colonia Los Frailes, donde agentes de la Guardia Civil Estatal se le aproximaron para interrogarlo.<\/p>\n\n\n\n<p>El afectado dijo que es originario del municipio de Atlixco (Puebla) y narr\u00f3 a los oficiales que sujetos lo hab\u00edan mantenido privado de la libertad ilegalmente.<\/p>\n\n\n\n<p>Aunque elementos de instituciones de seguridad y ministeriales desplegaron un operativo en la zona conurbada de Rioverde y Ciudad Fern\u00e1ndez, no lograron detener a los criminales.<\/p>\n\n\n\n<p>Finalmente, el hombre v\u00edctima de secuestro acudi\u00f3 a interponer su denuncia ante la Fiscal\u00eda General del Estado, y posteriormente se dispuso a regresar a su lugar de origen.<\/p>\n\n\n\n<p>La Secretar\u00eda de Seguridad y Protecci\u00f3n Ciudadana reiter\u00f3 que \u201crefrenda su compromiso de velar por la integridad de las familias\u201d y pidi\u00f3 que las v\u00edctimas de delitos presenten sus denuncias para que los hechos no queden impunes.<\/p>\n","protected":false},"excerpt":{"rendered":"<p>El afectado es originario de Puebla  <\/p>\n","protected":false},"author":4,"featured_media":36821,"comment_status":"closed","ping_status":"closed","sticky":false,"template":"","format":"standard","meta":{"_et_pb_use_builder":"off","_et_pb_old_content":"","_et_gb_content_width":"","footnotes":""},"categories":[412,62],"tags":[],"class_list":["post-36819","post","type-post","status-publish","format-standard","has-post-thumbnail","hentry","category-destacado","category-redaccion"],"_links":{"self":[{"href":"https:\/\/gerardoduque.com.mx\/index.php?rest_route=\/wp\/v2\/posts\/36819","targetHints":{"allow":["GET"]}}],"collection":[{"href":"https:\/\/gerardoduque.com.mx\/index.php?rest_route=\/wp\/v2\/posts"}],"about":[{"href":"https:\/\/gerardoduque.com.mx\/index.php?rest_route=\/wp\/v2\/types\/post"}],"author":[{"embeddable":true,"href":"https:\/\/gerardoduque.com.mx\/index.php?rest_route=\/wp\/v2\/users\/4"}],"replies":[{"embeddable":true,"href":"https:\/\/gerardoduque.com.mx\/index.php?rest_route=%2Fwp%2Fv2%2Fcomments&post=36819"}],"version-history":[{"count":0,"href":"https:\/\/gerardoduque.com.mx\/index.php?rest_route=\/wp\/v2\/posts\/36819\/revisions"}],"wp:featuredmedia":[{"embeddable":true,"href":"https:\/\/gerardoduque.com.mx\/index.php?rest_route=\/wp\/v2\/media\/36821"}],"wp:attachment":[{"href":"https:\/\/gerardoduque.com.mx\/index.php?rest_route=%2Fwp%2Fv2%2Fmedia&parent=36819"}],"wp:term":[{"taxonomy":"category","embeddable":true,"href":"https:\/\/gerardoduque.com.mx\/index.php?rest_route=%2Fwp%2Fv2%2Fcategories&post=36819"},{"taxonomy":"post_tag","embeddable":true,"href":"https:\/\/gerardoduque.com.mx\/index.php?rest_route=%2Fwp%2Fv2%2Ftags&post=36819"}],"curies":[{"name":"wp","href":"https:\/\/api.w.org\/{rel}","templated":true}]}}