{"id":36814,"date":"2025-05-23T18:04:43","date_gmt":"2025-05-24T00:04:43","guid":{"rendered":"https:\/\/gerardoduque.com.mx\/?p=36814"},"modified":"2025-05-23T18:04:50","modified_gmt":"2025-05-24T00:04:50","slug":"fuego-devasto-selva-en-tamazunchale-por-lenta-accion-de-las-autoridades","status":"publish","type":"post","link":"https:\/\/gerardoduque.com.mx\/?p=36814","title":{"rendered":"FUEGO DEVAST\u00d3 SELVA EN TAMAZUNCHALE POR LENTA ACCI\u00d3N DE LAS AUTORIDADES"},"content":{"rendered":"\n<p>Este viernes, a trav\u00e9s de un bolet\u00edn la Coordinaci\u00f3n Estatal de Protecci\u00f3n Civil inform\u00f3 que se realiz\u00f3 un sobrevuelo en el incendio de Tam\u00e1n, en Tamazunchale, en compa\u00f1\u00eda de autoridades municipales y comunales.<\/p>\n\n\n\n<p>Durante el recorrido se verific\u00f3 que el incendio en la zona se encontraba completamente apagado, lo que elimina cualquier riesgo para la poblaci\u00f3n.<\/p>\n\n\n\n<p>Tambi\u00e9n, el Comit\u00e9 del Manejo del Fuego constat\u00f3 mediante sobrevuelos que los incendios que se encontraban activos en el resto de la entidad ya est\u00e1n controlados y liquidados al 100 por ciento.<\/p>\n\n\n\n<p>En el combate al fuego participaron decenas de brigadistas y voluntarios.<\/p>\n","protected":false},"excerpt":{"rendered":"<p>El incendio en la sierra de Tam\u00e1n avanz\u00f3 durante diez d\u00edas <\/p>\n","protected":false},"author":4,"featured_media":36815,"comment_status":"closed","ping_status":"closed","sticky":false,"template":"","format":"standard","meta":{"_et_pb_use_builder":"off","_et_pb_old_content":"","_et_gb_content_width":"","footnotes":""},"categories":[412,62],"tags":[],"class_list":["post-36814","post","type-post","status-publish","format-standard","has-post-thumbnail","hentry","category-destacado","category-redaccion"],"_links":{"self":[{"href":"https:\/\/gerardoduque.com.mx\/index.php?rest_route=\/wp\/v2\/posts\/36814","targetHints":{"allow":["GET"]}}],"collection":[{"href":"https:\/\/gerardoduque.com.mx\/index.php?rest_route=\/wp\/v2\/posts"}],"about":[{"href":"https:\/\/gerardoduque.com.mx\/index.php?rest_route=\/wp\/v2\/types\/post"}],"author":[{"embeddable":true,"href":"https:\/\/gerardoduque.com.mx\/index.php?rest_route=\/wp\/v2\/users\/4"}],"replies":[{"embeddable":true,"href":"https:\/\/gerardoduque.com.mx\/index.php?rest_route=%2Fwp%2Fv2%2Fcomments&post=36814"}],"version-history":[{"count":0,"href":"https:\/\/gerardoduque.com.mx\/index.php?rest_route=\/wp\/v2\/posts\/36814\/revisions"}],"wp:featuredmedia":[{"embeddable":true,"href":"https:\/\/gerardoduque.com.mx\/index.php?rest_route=\/wp\/v2\/media\/36815"}],"wp:attachment":[{"href":"https:\/\/gerardoduque.com.mx\/index.php?rest_route=%2Fwp%2Fv2%2Fmedia&parent=36814"}],"wp:term":[{"taxonomy":"category","embeddable":true,"href":"https:\/\/gerardoduque.com.mx\/index.php?rest_route=%2Fwp%2Fv2%2Fcategories&post=36814"},{"taxonomy":"post_tag","embeddable":true,"href":"https:\/\/gerardoduque.com.mx\/index.php?rest_route=%2Fwp%2Fv2%2Ftags&post=36814"}],"curies":[{"name":"wp","href":"https:\/\/api.w.org\/{rel}","templated":true}]}}