{"id":36784,"date":"2025-05-22T16:14:01","date_gmt":"2025-05-22T22:14:01","guid":{"rendered":"https:\/\/gerardoduque.com.mx\/?p=36784"},"modified":"2025-05-22T16:14:10","modified_gmt":"2025-05-22T22:14:10","slug":"inician-rehabilitacion-de-camino-por-la-sierra-a-la-comunidad-de-tlaxco-en-tamazunchale","status":"publish","type":"post","link":"https:\/\/gerardoduque.com.mx\/?p=36784","title":{"rendered":"INICIAN REHABILITACI\u00d3N DE CAMINO POR LA SIERRA A LA COMUNIDAD DE TLAXCO, EN TAMAZUNCHALE"},"content":{"rendered":"\n<p>El Gobernador de San Luis Potos\u00ed, Ricardo Gallardo Cardona, dio el banderazo a las obras de pavimentaci\u00f3n con concreto hidr\u00e1ulico, para que m\u00e1s de mil familias del municipio de Tamazunchale se desplacen a la cabecera municipal de forma digna y segura.<\/p>\n\n\n\n<p>En un evento realizado en una escuelita de la comunidad, el Gobernador fue recibido por las autoridades n\u00e1huatl y ah\u00ed les entreg\u00f3 a ni\u00f1os y adolescentes su p\u00f3liza del Apoyo Seguro al Estudiante.<\/p>\n\n\n\n<p>Posteriormente, Ricardo Gallardo Cardona se traslad\u00f3 hasta Tamazunchale para seguir fortaleciendo la movilidad en la regi\u00f3n Huasteca, al iniciar la rehabilitaci\u00f3n del camino Encino Solo Santa Mar\u00eda Picula, donde fue recibido por m\u00e1s de mil tamazunchalenses .<\/p>\n\n\n\n<p>Para esta rehabilitaci\u00f3n tambi\u00e9n se invertir\u00e1n recursos p\u00fablicos por los 21 millones de pesos.<\/p>\n","protected":false},"excerpt":{"rendered":"<p>El camino por la sierra hacia la comunidad Tlaxco ser\u00e1 rehabilitado. <\/p>\n","protected":false},"author":4,"featured_media":36785,"comment_status":"closed","ping_status":"closed","sticky":false,"template":"","format":"standard","meta":{"_et_pb_use_builder":"off","_et_pb_old_content":"","_et_gb_content_width":"","footnotes":""},"categories":[412,280],"tags":[72,66],"class_list":["post-36784","post","type-post","status-publish","format-standard","has-post-thumbnail","hentry","category-destacado","category-gob-slp","tag-gobierno-del-estado","tag-san-luis-potosi"],"_links":{"self":[{"href":"https:\/\/gerardoduque.com.mx\/index.php?rest_route=\/wp\/v2\/posts\/36784","targetHints":{"allow":["GET"]}}],"collection":[{"href":"https:\/\/gerardoduque.com.mx\/index.php?rest_route=\/wp\/v2\/posts"}],"about":[{"href":"https:\/\/gerardoduque.com.mx\/index.php?rest_route=\/wp\/v2\/types\/post"}],"author":[{"embeddable":true,"href":"https:\/\/gerardoduque.com.mx\/index.php?rest_route=\/wp\/v2\/users\/4"}],"replies":[{"embeddable":true,"href":"https:\/\/gerardoduque.com.mx\/index.php?rest_route=%2Fwp%2Fv2%2Fcomments&post=36784"}],"version-history":[{"count":0,"href":"https:\/\/gerardoduque.com.mx\/index.php?rest_route=\/wp\/v2\/posts\/36784\/revisions"}],"wp:featuredmedia":[{"embeddable":true,"href":"https:\/\/gerardoduque.com.mx\/index.php?rest_route=\/wp\/v2\/media\/36785"}],"wp:attachment":[{"href":"https:\/\/gerardoduque.com.mx\/index.php?rest_route=%2Fwp%2Fv2%2Fmedia&parent=36784"}],"wp:term":[{"taxonomy":"category","embeddable":true,"href":"https:\/\/gerardoduque.com.mx\/index.php?rest_route=%2Fwp%2Fv2%2Fcategories&post=36784"},{"taxonomy":"post_tag","embeddable":true,"href":"https:\/\/gerardoduque.com.mx\/index.php?rest_route=%2Fwp%2Fv2%2Ftags&post=36784"}],"curies":[{"name":"wp","href":"https:\/\/api.w.org\/{rel}","templated":true}]}}