{"id":36765,"date":"2025-05-22T05:09:06","date_gmt":"2025-05-22T11:09:06","guid":{"rendered":"https:\/\/gerardoduque.com.mx\/?p=36765"},"modified":"2025-05-22T05:09:15","modified_gmt":"2025-05-22T11:09:15","slug":"llaman-a-municipios-a-prevenir-inundaciones-ante-proxima-temporada-de-lluvias","status":"publish","type":"post","link":"https:\/\/gerardoduque.com.mx\/?p=36765","title":{"rendered":"LLAMAN A MUNICIPIOS A PREVENIR INUNDACIONES ANTE PR\u00d3XIMA TEMPORADA DE LLUVIAS"},"content":{"rendered":"\n<p>La Coordinaci\u00f3n Estatal de Protecci\u00f3n Civil hace un llamado a todos los municipios para que intensifiquen las labores de desazolve en sistemas de drenaje y cauces de r\u00edos, con el prop\u00f3sito de prevenir inundaciones durante la pr\u00f3xima temporada de lluvias.<\/p>\n\n\n\n<p>El titular de la CEPC, mencion\u00f3 que estas acciones preventivas son fundamentales para garantizar la seguridad y protecci\u00f3n de la poblaci\u00f3n y su patrimonio, ya que permiten reducir los riesgos asociados a fen\u00f3menos hidrometeorol\u00f3gicos.<\/p>\n\n\n\n<p>Tambi\u00e9n se solicit\u00f3 a los ayuntamientos identificar infraestructura hidr\u00e1ulica y cuerpos de agua que puedan representar una amenaza, como r\u00edos, lagos o lagunas, para actuar a tiempo y evitar colapsos y desbordamientos. De igual manera llam\u00f3 a la ciudadan\u00eda para colaborar en estas labores preventivas, evitando arrojar basura en calles y en cuerpos de agua.<\/p>\n","protected":false},"excerpt":{"rendered":"<p>Ante la temporada de lluvias, la dependencia solicit\u00f3 intensificar labores de limpieza en drenajes e identificar riesgos en sus municipios.<\/p>\n","protected":false},"author":4,"featured_media":36766,"comment_status":"closed","ping_status":"closed","sticky":false,"template":"","format":"standard","meta":{"_et_pb_use_builder":"off","_et_pb_old_content":"","_et_gb_content_width":"","footnotes":""},"categories":[412,280],"tags":[190,72,66],"class_list":["post-36765","post","type-post","status-publish","format-standard","has-post-thumbnail","hentry","category-destacado","category-gob-slp","tag-cepc","tag-gobierno-del-estado","tag-san-luis-potosi"],"_links":{"self":[{"href":"https:\/\/gerardoduque.com.mx\/index.php?rest_route=\/wp\/v2\/posts\/36765","targetHints":{"allow":["GET"]}}],"collection":[{"href":"https:\/\/gerardoduque.com.mx\/index.php?rest_route=\/wp\/v2\/posts"}],"about":[{"href":"https:\/\/gerardoduque.com.mx\/index.php?rest_route=\/wp\/v2\/types\/post"}],"author":[{"embeddable":true,"href":"https:\/\/gerardoduque.com.mx\/index.php?rest_route=\/wp\/v2\/users\/4"}],"replies":[{"embeddable":true,"href":"https:\/\/gerardoduque.com.mx\/index.php?rest_route=%2Fwp%2Fv2%2Fcomments&post=36765"}],"version-history":[{"count":0,"href":"https:\/\/gerardoduque.com.mx\/index.php?rest_route=\/wp\/v2\/posts\/36765\/revisions"}],"wp:featuredmedia":[{"embeddable":true,"href":"https:\/\/gerardoduque.com.mx\/index.php?rest_route=\/wp\/v2\/media\/36766"}],"wp:attachment":[{"href":"https:\/\/gerardoduque.com.mx\/index.php?rest_route=%2Fwp%2Fv2%2Fmedia&parent=36765"}],"wp:term":[{"taxonomy":"category","embeddable":true,"href":"https:\/\/gerardoduque.com.mx\/index.php?rest_route=%2Fwp%2Fv2%2Fcategories&post=36765"},{"taxonomy":"post_tag","embeddable":true,"href":"https:\/\/gerardoduque.com.mx\/index.php?rest_route=%2Fwp%2Fv2%2Ftags&post=36765"}],"curies":[{"name":"wp","href":"https:\/\/api.w.org\/{rel}","templated":true}]}}