{"id":36736,"date":"2025-05-21T06:41:41","date_gmt":"2025-05-21T12:41:41","guid":{"rendered":"https:\/\/gerardoduque.com.mx\/?p=36736"},"modified":"2025-05-21T06:41:54","modified_gmt":"2025-05-21T12:41:54","slug":"slp-se-posiciona-como-el-sexto-lugar-nacional-en-produccion-de-autopartes","status":"publish","type":"post","link":"https:\/\/gerardoduque.com.mx\/?p=36736","title":{"rendered":"SLP SE POSICIONA COMO EL SEXTO LUGAR NACIONAL EN PRODUCCI\u00d3N DE AUTOPARTES"},"content":{"rendered":"\n<p>San Luis Potos\u00ed se posicion\u00f3 en el sexto lugar a nivel nacional, en producci\u00f3n de autopartes durante enero y febrero de 2025 con mil 341 millones de d\u00f3lares, lo que representa el 7.3 por ciento del total nacional, de acuerdo con el m\u00e1s reciente reporte de la Industria Nacional de Autopartes.<\/p>\n\n\n\n<p>San Luis Potos\u00ed super\u00f3 a estados tradicionalmente fuertes, adem\u00e1s de que a nivel nacional se registr\u00f3 una ca\u00edda del 10.54 por ciento en la producci\u00f3n respecto al mismo periodo del a\u00f1o anterior y la Entidad logr\u00f3 mejorar su participaci\u00f3n frente al 7.1 por ciento registrado en 2024.&nbsp;<\/p>\n\n\n\n<p>En este contexto, sobresale la exportaci\u00f3n de veh\u00edculos pesados y componentes clave para la industria automotriz global, especialmente hacia Estados Unidos, que se mantiene como el principal destino con el 87 por ciento del total exportado.<\/p>\n","protected":false},"excerpt":{"rendered":"<p>SLP gener\u00f3 mil 341 millones de d\u00f3lares en producci\u00f3n de autopartes durante enero y febrero de 2025, lo que representa el 7.3 por ciento del total nacional<\/p>\n","protected":false},"author":4,"featured_media":36737,"comment_status":"closed","ping_status":"closed","sticky":false,"template":"","format":"standard","meta":{"_et_pb_use_builder":"off","_et_pb_old_content":"","_et_gb_content_width":"","footnotes":""},"categories":[412,280],"tags":[72,66,201],"class_list":["post-36736","post","type-post","status-publish","format-standard","has-post-thumbnail","hentry","category-destacado","category-gob-slp","tag-gobierno-del-estado","tag-san-luis-potosi","tag-sedeco"],"_links":{"self":[{"href":"https:\/\/gerardoduque.com.mx\/index.php?rest_route=\/wp\/v2\/posts\/36736","targetHints":{"allow":["GET"]}}],"collection":[{"href":"https:\/\/gerardoduque.com.mx\/index.php?rest_route=\/wp\/v2\/posts"}],"about":[{"href":"https:\/\/gerardoduque.com.mx\/index.php?rest_route=\/wp\/v2\/types\/post"}],"author":[{"embeddable":true,"href":"https:\/\/gerardoduque.com.mx\/index.php?rest_route=\/wp\/v2\/users\/4"}],"replies":[{"embeddable":true,"href":"https:\/\/gerardoduque.com.mx\/index.php?rest_route=%2Fwp%2Fv2%2Fcomments&post=36736"}],"version-history":[{"count":0,"href":"https:\/\/gerardoduque.com.mx\/index.php?rest_route=\/wp\/v2\/posts\/36736\/revisions"}],"wp:featuredmedia":[{"embeddable":true,"href":"https:\/\/gerardoduque.com.mx\/index.php?rest_route=\/wp\/v2\/media\/36737"}],"wp:attachment":[{"href":"https:\/\/gerardoduque.com.mx\/index.php?rest_route=%2Fwp%2Fv2%2Fmedia&parent=36736"}],"wp:term":[{"taxonomy":"category","embeddable":true,"href":"https:\/\/gerardoduque.com.mx\/index.php?rest_route=%2Fwp%2Fv2%2Fcategories&post=36736"},{"taxonomy":"post_tag","embeddable":true,"href":"https:\/\/gerardoduque.com.mx\/index.php?rest_route=%2Fwp%2Fv2%2Ftags&post=36736"}],"curies":[{"name":"wp","href":"https:\/\/api.w.org\/{rel}","templated":true}]}}