{"id":36730,"date":"2025-05-20T23:49:19","date_gmt":"2025-05-21T05:49:19","guid":{"rendered":"https:\/\/gerardoduque.com.mx\/?p=36730"},"modified":"2025-05-20T23:49:30","modified_gmt":"2025-05-21T05:49:30","slug":"la-fenapo-2025-sera-espectacular-marilyn-manson-cantara-en-el-teatro-del-pueblo","status":"publish","type":"post","link":"https:\/\/gerardoduque.com.mx\/?p=36730","title":{"rendered":"LA FENAPO 2025 SER\u00c1 ESPECTACULAR; MARILYN MANSON CANTAR\u00c1 EN EL TEATRO DEL PUEBLO"},"content":{"rendered":"\n<p>El gobernador del <a><\/a>estado, Ricardo Gallardo Cardona, present\u00f3 la Feria Nacional Potosina (Fenapo) 2025, la m\u00e1s espectacular de su historia, con artistas de talla mundial totalmente gratis.<\/p>\n\n\n\n<p>Estar\u00e1n Marilyn Manson, DJ Ti\u00ebsto, Belinda, Grupo Frontera, Los Tigres del Norte, Banda MS, La Arrolladora Banda El Lim\u00f3n, Reik, Bronco, Los Tucanes de Tijuana, Los \u00c1ngeles Azules, El Malilla, Grupo Frontera, Marca Registrada y tres artistas sorpresa de talla internacional que se dar\u00e1n a conocer en breve.<\/p>\n\n\n\n<p>En un evento lleno de color y m\u00fasica se present\u00f3 el cartel de la Fenapo, que cuenta en esta ocasi\u00f3n con elementos representativos de los seis pueblos m\u00e1gicos del estado y que para la edici\u00f3n 2025 se realizar\u00e1 del 8 al 31 de agosto.<\/p>\n\n\n\n<p>Durante la presentaci\u00f3n, el gobernador Ricardo Gallardo reafirm\u00f3 que el evento m\u00e1s importante de M\u00e9xico ser\u00e1 nuevamente gratuito, seguro, incluyente y de acceso libre, permitiendo generar una hist\u00f3rica derrama econ\u00f3mica.<\/p>\n\n\n\n<p>\u201c\ud835\uddd8\ud835\uddf9 \ud835\uddee\ud835\uddfb\u0303\ud835\uddfc \ud835\uddfd\ud835\uddee\ud835\ude00\ud835\uddee\ud835\uddf1\ud835\uddfc \ud835\uddee\ud835\uddf9\ud835\uddf0\ud835\uddee\ud835\uddfb\ud835\ude07\ud835\uddee\ud835\uddfa\ud835\uddfc\ud835\ude00 \ud835\uddf9\ud835\uddfc\ud835\ude00 \ud835\udff4.\ud835\udff1 \ud835\uddfa\ud835\uddf6\ud835\uddf9\ud835\uddf9\ud835\uddfc\ud835\uddfb\ud835\uddf2\ud835\ude00 \ud835\uddf1\ud835\uddf2 \ud835\ude03\ud835\uddf6\ud835\ude00\ud835\uddf6\ud835\ude01\ud835\uddee\ud835\ude00 \ud835\ude06 \ud835\uddf2\ud835\ude00\ud835\ude01\ud835\uddf2 \ud835\udfee\ud835\udfec\ud835\udfee\ud835\udff1, \ud835\ude03\ud835\uddee\ud835\uddfa\ud835\uddfc\ud835\ude00 \ud835\uddee \ud835\ude00\ud835\ude02\ud835\uddfd\ud835\uddf2\ud835\uddff\ud835\uddee\ud835\uddff \ud835\uddf2\ud835\ude00\ud835\uddee \ud835\uddfa\ud835\uddf2\ud835\ude01\ud835\uddee \ud835\uddfd\ud835\uddfc\ud835\uddff\ud835\uddfe\ud835\ude02\ud835\uddf2 \ud835\uddf2\ud835\ude00\ud835\ude01\ud835\uddee \ud835\uddf0\ud835\uddf6\ud835\ude02\ud835\uddf1\ud835\uddee\ud835\uddf1 \ud835\ude06 \ud835\uddf2\ud835\ude00\ud835\ude01\ud835\uddf2 \ud835\uddf4\ud835\uddfc\ud835\uddef\ud835\uddf6\ud835\uddf2\ud835\uddff\ud835\uddfb\ud835\uddfc \ud835\uddfb\ud835\uddfc \ud835\ude01\ud835\uddf6\ud835\uddf2\ud835\uddfb\ud835\uddf2\ud835\uddfb \ud835\uddf9\ud835\uddf6\u0301\ud835\uddfa\ud835\uddf6\ud835\ude01\ud835\uddf2\ud835\ude00\u201d, enfatiz\u00f3.<\/p>\n\n\n\n<p>Se\u00f1al\u00f3 que San Luis Potos\u00ed es hoy un referente nacional, no s\u00f3lo por su infraestructura y crecimiento econ\u00f3mico, sino tambi\u00e9n por su capacidad para brindar eventos de primer nivel y adelant\u00f3 que vendr\u00e1n artistas que llenan estadios en cualquier parte del mundo y estar\u00e1n aqu\u00ed, en San Luis Potos\u00ed, sin que la gente pague un solo peso por verlos.<\/p>\n\n\n\n<p>El Palenque de la Fenapo 2025 tambi\u00e9n brillar\u00e1 con las presentaciones de: Lupita D\u2019Alessio, Palomazo Norte\u00f1o, Gabito Ballesteros, Dancing Queens, Luis Rodr\u00edguez, Emmanuel y Mijares, Junior H, La Firma, Mar\u00eda Jos\u00e9, Grupo Pesado, Brincos Dieras, Cristian Castro, Conjunto Primavera, as\u00ed como el espect\u00e1culo \u00abJuntos\u00bb con Joshi Cuen y Jorge Medina.<\/p>\n\n\n\n<p>\u201c\ud835\udde6\ud835\uddee\ud835\uddfb \ud835\udddf\ud835\ude02\ud835\uddf6\ud835\ude00 \ud835\udde3\ud835\uddfc\ud835\ude01\ud835\uddfc\ud835\ude00\ud835\uddf6\u0301 \ud835\ude00\ud835\uddf6\ud835\uddf4\ud835\ude02\ud835\uddf2 \ud835\uddf1\ud835\uddf2\ud835\uddfa\ud835\uddfc\ud835\ude00\ud835\ude01\ud835\uddff\ud835\uddee\ud835\uddfb\ud835\uddf1\ud835\uddfc \ud835\uddfe\ud835\ude02\ud835\uddf2 \ud835\uddf2\ud835\ude00 \ud835\ude02\ud835\uddfb\ud835\uddee \ud835\ude01\ud835\uddf6\ud835\uddf2\ud835\uddff\ud835\uddff\ud835\uddee \ud835\uddf1\ud835\uddf2 \ud835\uddfc\ud835\uddfd\ud835\uddfc\ud835\uddff\ud835\ude01\ud835\ude02\ud835\uddfb\ud835\uddf6\ud835\uddf1\ud835\uddee\ud835\uddf1\ud835\uddf2\ud835\ude00, \ud835\uddf1\ud835\uddf2 \ud835\uddf0\ud835\ude02\ud835\uddf9\ud835\ude01\ud835\ude02\ud835\uddff\ud835\uddee, \ud835\uddf1\ud835\uddf2 \ud835\uddfa\ud835\ude02\u0301\ud835\ude00\ud835\uddf6\ud835\uddf0\ud835\uddee \ud835\ude06 \ud835\uddf1\ud835\uddf2 \ud835\uddf2\ud835\ude00\ud835\uddfd\ud835\uddf2\ud835\uddff\ud835\uddee\ud835\uddfb\ud835\ude07\ud835\uddee \ud835\ude06 \ud835\ude03\ud835\uddee\ud835\uddfa\ud835\uddfc\ud835\ude00 \ud835\uddfd\ud835\uddfc\ud835\uddff \ud835\uddfa\ud835\uddee\u0301\ud835\ude00, \ud835\uddfd\ud835\uddfc\ud835\uddff\ud835\uddfe\ud835\ude02\ud835\uddf2 \ud835\uddf2\ud835\ude00\ud835\ude01\ud835\uddf2 \ud835\uddf4\ud835\uddfc\ud835\uddef\ud835\uddf6\ud835\uddf2\ud835\uddff\ud835\uddfb\ud835\uddfc \ud835\uddfb\ud835\uddfc \ud835\ude01\ud835\uddf6\ud835\uddf2\ud835\uddfb\ud835\uddf2 \ud835\uddf9\ud835\uddf6\u0301\ud835\uddfa\ud835\uddf6\ud835\ude01\ud835\uddf2\ud835\ude00\u201d, concluy\u00f3 el gobernador.<\/p>\n","protected":false},"excerpt":{"rendered":"<p>DJ Ti\u00ebsto, Belinda y los Tigres del Norte tambi\u00e9n se presentar\u00e1n <\/p>\n","protected":false},"author":4,"featured_media":36731,"comment_status":"closed","ping_status":"closed","sticky":false,"template":"","format":"standard","meta":{"_et_pb_use_builder":"off","_et_pb_old_content":"","_et_gb_content_width":"","footnotes":""},"categories":[412,62],"tags":[],"class_list":["post-36730","post","type-post","status-publish","format-standard","has-post-thumbnail","hentry","category-destacado","category-redaccion"],"_links":{"self":[{"href":"https:\/\/gerardoduque.com.mx\/index.php?rest_route=\/wp\/v2\/posts\/36730","targetHints":{"allow":["GET"]}}],"collection":[{"href":"https:\/\/gerardoduque.com.mx\/index.php?rest_route=\/wp\/v2\/posts"}],"about":[{"href":"https:\/\/gerardoduque.com.mx\/index.php?rest_route=\/wp\/v2\/types\/post"}],"author":[{"embeddable":true,"href":"https:\/\/gerardoduque.com.mx\/index.php?rest_route=\/wp\/v2\/users\/4"}],"replies":[{"embeddable":true,"href":"https:\/\/gerardoduque.com.mx\/index.php?rest_route=%2Fwp%2Fv2%2Fcomments&post=36730"}],"version-history":[{"count":0,"href":"https:\/\/gerardoduque.com.mx\/index.php?rest_route=\/wp\/v2\/posts\/36730\/revisions"}],"wp:featuredmedia":[{"embeddable":true,"href":"https:\/\/gerardoduque.com.mx\/index.php?rest_route=\/wp\/v2\/media\/36731"}],"wp:attachment":[{"href":"https:\/\/gerardoduque.com.mx\/index.php?rest_route=%2Fwp%2Fv2%2Fmedia&parent=36730"}],"wp:term":[{"taxonomy":"category","embeddable":true,"href":"https:\/\/gerardoduque.com.mx\/index.php?rest_route=%2Fwp%2Fv2%2Fcategories&post=36730"},{"taxonomy":"post_tag","embeddable":true,"href":"https:\/\/gerardoduque.com.mx\/index.php?rest_route=%2Fwp%2Fv2%2Ftags&post=36730"}],"curies":[{"name":"wp","href":"https:\/\/api.w.org\/{rel}","templated":true}]}}